{"id":974,"date":"2022-09-02T08:21:21","date_gmt":"2022-09-02T08:21:21","guid":{"rendered":"http:\/\/www.valbuena.es\/?p=974"},"modified":"2022-10-15T07:12:54","modified_gmt":"2022-10-15T07:12:54","slug":"inmaculada","status":"publish","type":"post","link":"https:\/\/www.valbuena.es\/?p=974","title":{"rendered":"INMACULADA"},"content":{"rendered":"\n<p><\/p>\n\n\n\n<figure class=\"wp-block-image size-large\"><img loading=\"lazy\" width=\"1024\" height=\"752\" src=\"http:\/\/www.valbuena.es\/wp-content\/uploads\/2022\/09\/Empel-1-1024x752.jpg\" alt=\"\" class=\"wp-image-975\" srcset=\"https:\/\/www.valbuena.es\/wp-content\/uploads\/2022\/09\/Empel-1-1024x752.jpg 1024w, https:\/\/www.valbuena.es\/wp-content\/uploads\/2022\/09\/Empel-1-300x220.jpg 300w, https:\/\/www.valbuena.es\/wp-content\/uploads\/2022\/09\/Empel-1-768x564.jpg 768w, https:\/\/www.valbuena.es\/wp-content\/uploads\/2022\/09\/Empel-1-1536x1128.jpg 1536w, https:\/\/www.valbuena.es\/wp-content\/uploads\/2022\/09\/Empel-1-2048x1504.jpg 2048w\" sizes=\"(max-width: 1024px) 100vw, 1024px\" \/><\/figure>\n\n\n\n<p><\/p>\n\n\n\n<p>Ya que me ped\u00eds relaci\u00f3n, os contar\u00e9 cuanto vi. Islote de Empel, a unas horas de la muerte. Vi la muerte revoloteando sobre los curtidos corazones. Vi cubiertos de barro nuestros pobres sayos de hierro. Vi crucificados a la escarcha y a la desesperanza a mis hermanos de armas. Vi a las ratas comernos las botas en cuanto el sue\u00f1o nos venc\u00eda. Vi a mis conmilitones sufrir imp\u00e1vidos la mosqueter\u00eda enemiga. Vi apagarse el fuego de los anafres y, al apagarse el fuego, encenderse la angustia. Vi el agua que todo lo empapa y el viento que azota crudel\u00edsimo las carnes h\u00famedas. Vi la bandera cubierta de barro. Del d\u00eda a la noche. Era mi compa\u00f1\u00eda la compa\u00f1\u00eda de barro. Del mismo barro con que Dios hizo al primer hombre. De vuelta al barro\u2026 Y en eso sent\u00ed un golpe recio en el ojo; llev\u00e9 a \u00e9l mi mano, la retir\u00e9 ensangrentada y me puse a bien morir&#8230;<\/p>\n\n\n\n<p>Al despertar vi, a mi lado, al alf\u00e9rez llorar. Nunca antes viera tal cosa. Cubierta de barro la bandera; mi alf\u00e9rez, en pie, sosteni\u00e9ndola, lloraba. Reventados los diques, salvados de morir ahogados por tan solo un ardite; aguard\u00e1bamos que la artiller\u00eda de la escuadra calvinista pusiera fin a nuestros d\u00edas mortales. En silencio. Sin relevo en la espera. Solo aquellas ratas inn\u00fameras que mat\u00e1bamos a golpes de misericordia. Solo oscuridad; de d\u00eda y de noche. La sangre siempre h\u00fameda en mi ojo. Nada se seca en esa tierra. En pie solo por ellos, por los que, sin estar muertos, transitaban ya por los infiernos. La agon\u00eda presentida. Sitiados. La trinchera y la empalizada. \u00a1Las ratas que mal diablo confunda! Cinco mil condenados del Tercio Viejo y una sola voz de mando, la de nuestro Maestre de Campo, Francisco Arias de Bobadilla. Por su boca hablamos todos. \u00a1Ya hablaremos de capitular cuando hayamos muerto!<\/p>\n\n\n\n<p>Mas en eso, cuando por refugiarse del fuego enemigo un piquero cavaba su propia sepultura, apareci\u00f3 aquella tabla de la Inmaculada. Para los m\u00e1s piadosos fue nuncio del bien. Mand\u00f3 el Maestre que fray Garc\u00eda de Santiesteban la llevara en procesi\u00f3n por el campamento. La cruz al frente, detr\u00e1s p\u00edfanos y tambores. Las espadas, invertidas, en alto. Los capitanes arrodillados en el barro\u2026 y los muertos insepultos. Aquella inmaculada virgen ni\u00f1a, concebida sin culpa por la gracia de Dios Nuestro Se\u00f1or, limpia de toda mancha, parec\u00eda ajena al zafarrancho; y nosotros, los que \u00edbamos a morir, le cant\u00e1bamos la Salve.<\/p>\n\n\n\n<p>Mas la muerte aguardaba cierta. Confesamos y comulgamos como es costumbre en nuestros ej\u00e9rcitos antes de entrar en combate. En la hora suprema de ofrecer el pecho al destino adverso, conformados ya a mejor morada, sucedi\u00f3 lo que nunca antes hab\u00eda sucedido, ni habr\u00e1 de suceder despu\u00e9s. Lleg\u00f3 un viento extra\u00f1o que, como por conjuro, hel\u00f3 las aguas del Mosa. Y, sobre ellas, roto el sitio, levant\u00f3 el vuelo el \u00e1guila de nuestra bandera. Y el alf\u00e9rez la alz\u00f3 sobre el barro. Y la acarici\u00f3 el plomo. Y el \u00e1guila llam\u00f3 a sus aguiluchos a la degollina. \u00a1S\u00ed, queremos!\u2026 contest\u00f3 el Tercio.<\/p>\n\n\n\n<p>No s\u00e9 cu\u00e1ntos murieron bajo aquel cielo sombr\u00edo, solo s\u00e9 que no nos falt\u00f3 el auxilio divino para alcanzar tama\u00f1a victoria. No s\u00e9 cu\u00e1ntos de los que hicieron de su vida milicia murieron all\u00ed. Ni los que murieron antes, ni los que morir\u00e1n despu\u00e9s. Solo s\u00e9 que, si la muerte les alcanz\u00f3 aquel d\u00eda, en aquellas tierras inh\u00f3spitas, honrados de su patria murieron. Al vencer, volvi\u00f3 el \u00e1guila a su bandera y la vizca\u00edna, tinta en sangre, al cinto. Y mi alf\u00e9rez, gloria perpetua haya, cay\u00f3 envuelto en sus pliegues cuando un \u00faltimo disparo de arcabuz le revent\u00f3 la sesera. \u00a1Vive Dios que es la infanter\u00eda espa\u00f1ola religi\u00f3n de hombres valientes! Sucedi\u00f3 el ocho de diciembre de 1585. Yo lo vi. No s\u00e9 cu\u00e1ntos murieron, ni a d\u00f3nde fueron. Solo Ella lo sabe. <em>Laus Deo.<\/em><\/p>\n","protected":false},"excerpt":{"rendered":"<p>Islote de Empel, a unas horas de la muerte&#8230;<\/p>\n","protected":false},"author":2,"featured_media":975,"comment_status":"open","ping_status":"open","sticky":false,"template":"","format":"standard","meta":{"_genesis_hide_title":false,"_genesis_hide_breadcrumbs":false,"_genesis_hide_singular_image":false,"_genesis_hide_footer_widgets":false,"_genesis_custom_body_class":"","_genesis_custom_post_class":"","_genesis_layout":""},"categories":[4],"tags":[],"_links":{"self":[{"href":"https:\/\/www.valbuena.es\/index.php?rest_route=\/wp\/v2\/posts\/974"}],"collection":[{"href":"https:\/\/www.valbuena.es\/index.php?rest_route=\/wp\/v2\/posts"}],"about":[{"href":"https:\/\/www.valbuena.es\/index.php?rest_route=\/wp\/v2\/types\/post"}],"author":[{"embeddable":true,"href":"https:\/\/www.valbuena.es\/index.php?rest_route=\/wp\/v2\/users\/2"}],"replies":[{"embeddable":true,"href":"https:\/\/www.valbuena.es\/index.php?rest_route=%2Fwp%2Fv2%2Fcomments&post=974"}],"version-history":[{"count":3,"href":"https:\/\/www.valbuena.es\/index.php?rest_route=\/wp\/v2\/posts\/974\/revisions"}],"predecessor-version":[{"id":1092,"href":"https:\/\/www.valbuena.es\/index.php?rest_route=\/wp\/v2\/posts\/974\/revisions\/1092"}],"wp:featuredmedia":[{"embeddable":true,"href":"https:\/\/www.valbuena.es\/index.php?rest_route=\/wp\/v2\/media\/975"}],"wp:attachment":[{"href":"https:\/\/www.valbuena.es\/index.php?rest_route=%2Fwp%2Fv2%2Fmedia&parent=974"}],"wp:term":[{"taxonomy":"category","embeddable":true,"href":"https:\/\/www.valbuena.es\/index.php?rest_route=%2Fwp%2Fv2%2Fcategories&post=974"},{"taxonomy":"post_tag","embeddable":true,"href":"https:\/\/www.valbuena.es\/index.php?rest_route=%2Fwp%2Fv2%2Ftags&post=974"}],"curies":[{"name":"wp","href":"https:\/\/api.w.org\/{rel}","templated":true}]}}