{"id":792,"date":"2022-08-22T10:37:28","date_gmt":"2022-08-22T10:37:28","guid":{"rendered":"http:\/\/www.valbuena.es\/?p=792"},"modified":"2022-10-15T07:11:28","modified_gmt":"2022-10-15T07:11:28","slug":"hector","status":"publish","type":"post","link":"https:\/\/www.valbuena.es\/?p=792","title":{"rendered":"H\u00c9CTOR"},"content":{"rendered":"\n<p><\/p>\n\n\n\n<figure class=\"wp-block-image size-large\"><img loading=\"lazy\" width=\"1024\" height=\"438\" src=\"http:\/\/www.valbuena.es\/wp-content\/uploads\/2022\/08\/Hector-1024x438.jpg\" alt=\"\" class=\"wp-image-793\" srcset=\"https:\/\/www.valbuena.es\/wp-content\/uploads\/2022\/08\/Hector-1024x438.jpg 1024w, https:\/\/www.valbuena.es\/wp-content\/uploads\/2022\/08\/Hector-300x128.jpg 300w, https:\/\/www.valbuena.es\/wp-content\/uploads\/2022\/08\/Hector-768x329.jpg 768w, https:\/\/www.valbuena.es\/wp-content\/uploads\/2022\/08\/Hector-1080x462.jpg 1080w, https:\/\/www.valbuena.es\/wp-content\/uploads\/2022\/08\/Hector.jpg 1280w\" sizes=\"(max-width: 1024px) 100vw, 1024px\" \/><\/figure>\n\n\n\n<p><\/p>\n\n\n\n<p>Esta escalera sube a los cielos. Hay una edad en que los pasos son inciertos sin una mano a la que aferrarnos. Es la edad de los deslumbramientos, de los m\u00e1gicos deslumbramientos. Creo que tenemos manos para regalarlas&#8230;<\/p>\n\n\n\n<p>Era yo ni\u00f1o cuando mi padre me llevaba de su mano a Lasesarre, all\u00e1 donde se forjan las leyendas del f\u00fatbol espa\u00f1ol. As\u00ed me lo contaron\u2026 y as\u00ed me lo cre\u00ed. A golpes de martillo y yunque. Al rojo vivo de sus altos hornos. Y sigo crey\u00e9ndolo, porque hay una edad en que lo que se escribe por dentro no se borra con el paso de los a\u00f1os. Mi padre era el m\u00e9dico del club. \u00c9l entraba en el vestuario y yo le esperaba en el t\u00fanel. Fueron mis primeras soledades. Unas veces era cosa de nada, otras, en tensa espera, ve\u00eda salir a los jugadores. Tuve por aquellos d\u00edas un jilguero y le puse por nombre Lalo, como nuestro extremo izquierdo. Desde entonces tengo preferencia por los extremos menudos y veloces. No s\u00e9 de f\u00fatbol, solo s\u00e9 que mi jilguero se llamaba Lalo. Lalo, y con \u00e9l, los dem\u00e1s. El estrecho pasillo desbordado de gigantes. A m\u00ed todos me parec\u00edan gigantes, incluso Lalo. Sal\u00edan aullando como lobos, como gacelas saltando&#8230; y tem\u00eda yo morir contra las paredes destartalas del viejo t\u00fanel. Y los tacos\u2026 a\u00fan los oigo restallar contra el piso. Nunca nada me ha sonado como aquellos tacos. Nada tan aterrador y, a la vez, nada tan excitante. Y ve\u00eda a los mocetones buscar la luz al final del t\u00fanel. Uriona, Urruchurtu, Larreina\u2026 Y mi padre que no ven\u00eda\u2026<\/p>\n\n\n\n<p>Y me he visto en H\u00e9ctor, en la misma la noria de vivir y volver a vivir. H\u00e9ctor tiene seis a\u00f1os. Seis liger\u00edsimos a\u00f1os y la vida por delante, pero ya por siempre entre sus tesoros guardar\u00e1 el recuerdo esa escalera que lleva a los cielos. H\u00e9ctor de la mano de Gorka P\u00e9rez. Ese d\u00eda el gol de la victoria del Badajoz lo marc\u00f3 el propio Gorka, como si al hacerlo rubricara una alianza. H\u00e9ctor es ya blanquinegro como lo es su abuelo Antonio. Porque las pasiones se siembran y H\u00e9ctor est\u00e1 en tiempo de sementera.<\/p>\n\n\n\n<p>Quiz\u00e1 no haya sido la mejor de las temporadas. Eso es lo de menos para H\u00e9ctor y as\u00ed deber\u00eda ser para nosotros, los mayores. La victoria y la derrota, los dos impostores de Kipling. <em>\u201cA la victoria que no sea clara, caballeresca y generosa, preferimos la derrota\u201d<\/em>, dej\u00f3 escrito S\u00e1nchez Mazas. Alguien se lo ir\u00e1 susurrando, quiz\u00e1s su abuelo. Alguien le ense\u00f1ar\u00e1 que, por encima de todo, est\u00e1 el respeto a los rivales, quiz\u00e1s sus padres. Alguien le ense\u00f1ar\u00e1 a estar despierto cuando llamen a las puertas del Nuevo Vivero los trileros del f\u00fatbol. As\u00ed los eslabones har\u00e1n fuerte la cadena. Y ser\u00e1 fuerte el Club Deportivo Badajoz: de San Roque a San Juan, de la Plaza Alta a Castelar, de la Alcazaba a la Estaci\u00f3n\u2026 y, en la hora del relevo, all\u00ed estar\u00e1 H\u00e9ctor y estar\u00e1n otros muchos como H\u00e9ctor, buscando la amistad que se fragua en las gradas, en las victorias y, m\u00e1s a\u00fan, en las derrotas; honrando la herencia recibida de sus mayores y la camarader\u00eda debida a los que, como \u00e9l, se han enamorado de una misma bandera. El f\u00fatbol es solo f\u00fatbol, pero a H\u00e9ctor no se le olvidar\u00e1 el nombre de Gorka P\u00e9rez como a m\u00ed no se me ha olvidado el de Lalo. Y volver\u00e1, est\u00e9 donde est\u00e9, a subir esos escalones que llevan a la luz, al deslumbramiento m\u00e1gico, a los c\u00e1nticos atronadores de la grada, al ansia de gol\u2026 Y ya, para los restos, ha de ser blanquinegro. Y en \u00e9l los que ya no est\u00e1n, como \u00e9l estar\u00e1 en los que vengan despu\u00e9s. Badajoz diecinueve cero cinco, tus cielos son mi pasi\u00f3n.<\/p>\n","protected":false},"excerpt":{"rendered":"<p>A\u00fan oigo restallar los tacos contra el piso, nada tan aterrador, nada tan excitante.<\/p>\n","protected":false},"author":2,"featured_media":793,"comment_status":"open","ping_status":"open","sticky":false,"template":"","format":"standard","meta":{"_genesis_hide_title":false,"_genesis_hide_breadcrumbs":false,"_genesis_hide_singular_image":false,"_genesis_hide_footer_widgets":false,"_genesis_custom_body_class":"","_genesis_custom_post_class":"","_genesis_layout":""},"categories":[4],"tags":[],"_links":{"self":[{"href":"https:\/\/www.valbuena.es\/index.php?rest_route=\/wp\/v2\/posts\/792"}],"collection":[{"href":"https:\/\/www.valbuena.es\/index.php?rest_route=\/wp\/v2\/posts"}],"about":[{"href":"https:\/\/www.valbuena.es\/index.php?rest_route=\/wp\/v2\/types\/post"}],"author":[{"embeddable":true,"href":"https:\/\/www.valbuena.es\/index.php?rest_route=\/wp\/v2\/users\/2"}],"replies":[{"embeddable":true,"href":"https:\/\/www.valbuena.es\/index.php?rest_route=%2Fwp%2Fv2%2Fcomments&post=792"}],"version-history":[{"count":1,"href":"https:\/\/www.valbuena.es\/index.php?rest_route=\/wp\/v2\/posts\/792\/revisions"}],"predecessor-version":[{"id":794,"href":"https:\/\/www.valbuena.es\/index.php?rest_route=\/wp\/v2\/posts\/792\/revisions\/794"}],"wp:featuredmedia":[{"embeddable":true,"href":"https:\/\/www.valbuena.es\/index.php?rest_route=\/wp\/v2\/media\/793"}],"wp:attachment":[{"href":"https:\/\/www.valbuena.es\/index.php?rest_route=%2Fwp%2Fv2%2Fmedia&parent=792"}],"wp:term":[{"taxonomy":"category","embeddable":true,"href":"https:\/\/www.valbuena.es\/index.php?rest_route=%2Fwp%2Fv2%2Fcategories&post=792"},{"taxonomy":"post_tag","embeddable":true,"href":"https:\/\/www.valbuena.es\/index.php?rest_route=%2Fwp%2Fv2%2Ftags&post=792"}],"curies":[{"name":"wp","href":"https:\/\/api.w.org\/{rel}","templated":true}]}}