{"id":380,"date":"2018-02-02T16:53:22","date_gmt":"2018-02-02T16:53:22","guid":{"rendered":"http:\/\/www.valbuena.es\/?p=380"},"modified":"2022-08-21T18:34:03","modified_gmt":"2022-08-21T18:34:03","slug":"la-foto-del-rey","status":"publish","type":"post","link":"https:\/\/www.valbuena.es\/?p=380","title":{"rendered":"LA FOTO DEL REY"},"content":{"rendered":"<p><img loading=\"lazy\" class=\" wp-image-381 aligncenter\" src=\"http:\/\/www.valbuena.es\/wp-content\/uploads\/2018\/02\/Le-Roy-2-196x300.jpg\" alt=\"\" width=\"307\" height=\"470\" srcset=\"https:\/\/www.valbuena.es\/wp-content\/uploads\/2018\/02\/Le-Roy-2-196x300.jpg 196w, https:\/\/www.valbuena.es\/wp-content\/uploads\/2018\/02\/Le-Roy-2-768x1177.jpg 768w, https:\/\/www.valbuena.es\/wp-content\/uploads\/2018\/02\/Le-Roy-2-668x1024.jpg 668w, https:\/\/www.valbuena.es\/wp-content\/uploads\/2018\/02\/Le-Roy-2.jpg 909w\" sizes=\"(max-width: 307px) 100vw, 307px\" \/><\/p>\n<p>He estrechado la mano de dos reyes. Dos veces he sido recibido (junto a otros) en La Zarzuela. Las dos me trataron con milim\u00e9trica cortes\u00eda y de las dos me traje el convencimiento de que ser rey es una tarea, al menos, esforzada. Las fotos no me las traje, me las enviaron. Durante un tiempo relumbraron, de una en una, ambas dos, en mi despacho. \u00bfVanidad? Al cabo retir\u00e9 la foto y aprovech\u00e9 el hueco para poner la de mi perro. Uno que tuve, que se me muri\u00f3 y al que a\u00fan le guardo el luto. Se llamaba Elvis y, dentro de lo cabe, no me pareci\u00f3 demasiada ofensa a la monarqu\u00eda siendo como era Elvis Presley rey tambi\u00e9n. Elvis, rey y dinast\u00eda en s\u00ed mismo. En realidad la retir\u00e9 porque ten\u00eda algo de jactancioso. La guard\u00e9 en un caj\u00f3n y ah\u00ed la conservo, en su marco, por si la fortuna troca y conviniera lucirla.<\/p>\n<p>Por Juan Carlos I tengo simpat\u00eda. Est\u00e1 bien lo que bien acaba. Cuarenta a\u00f1os de paz (o casi). De libertad (o casi). De progreso (o casi). Cuarenta a\u00f1os que dan para buena nota (o casi). Creo que don Juan Carlos merece no solo la absoluci\u00f3n de la Historia, sino tambi\u00e9n el cari\u00f1o de sus s\u00fabditos. \u00a1Ojal\u00e1 al t\u00e9rmino del reinado de su hijo podamos decir lo mismo! Pero el futuro es incierto. Y no todos somos mon\u00e1rquicos. Dice mi amigo Gordillo que les tengo tirria porque soy carlista. Es verdad, soy carlista (o casi), carlista de Valle, carlista de Bradom\u00edn, carlista de caser\u00edo y de tercio, carlista de la legitimidad proscrita, carlista en desuso y hasta carlista del Quijote. O sea, nada\u2026 no, no le tengo tirria. Tirria les tengo a los pelotas, a los arribistas, a los antiguos republicanos que por dormir en palacio perpetran la impostura de tornar en mon\u00e1rquicos, y tirria tambi\u00e9n, por supuesto, a los que atacando al rey pretenden atacar a Espa\u00f1a. A Felipe VI no. \u00bfA las princesas? \u00a1C\u00f3mo tener tirria a una ni\u00f1a de doce a\u00f1os! Ser\u00eda absurdo. Tan absurdo como imponerle el Tois\u00f3n de Oro a esa misma ni\u00f1a. Un desprop\u00f3sito. \u00bfQu\u00e9 m\u00e9ritos puede tener? No conozco a nadie que a esa edad merezca semejante distinci\u00f3n. Hecha sea la excepci\u00f3n, quiz\u00e1, de Arturito Pomar, aquel ajedrecista, que a los doce a\u00f1os hizo tablas con el campe\u00f3n mundial Alexander Alekhine. Y ni as\u00ed\u2026 En todo caso, el mensaje enviado es indubitado: prima la cuna al m\u00e9rito; y corriendo el a\u00f1o 2018 de la era de Nuestro Se\u00f1or Jesucristo es palmario que tal mensaje no resulta plausible. A mi juicio lo del Tois\u00f3n de Oro ha sido una patochada; otra cosa es que, a veces, se est\u00e9 obligado, por mor del cargo, a tragar cierta raci\u00f3n de tradicionales patochadas.<\/p>\n<p>El futuro es republicano. Espa\u00f1a ma\u00f1ana ser\u00e1 republicana. Pero no todas las rep\u00fablicas son tricolores. La m\u00eda, la que tengo derecho a so\u00f1ar, es rojigualda. Exactamente tan rojigualda como la I Rep\u00fablica. Roja y gualda. \u201cLa que supo seguir sobre el azul del mar el caminar del sol\u2026\u201d \u201cReputamos la monarqu\u00eda gloriosamente fenecida\u201d, dijo Jos\u00e9 Antonio Primo de Rivera. Claro que de esto me enter\u00e9 despu\u00e9s de ser carlista. Republicano como Unamuno (otro tan carlista como yo).<\/p>\n<p>Termino con un sucedido. Mi padre se alist\u00f3 a los diecis\u00e9is a\u00f1os en un tercio de requet\u00e9s. Lo hizo en defensa de sus ideales (aprovecho para decirlo antes de que me lo proh\u00edban o la Diputaci\u00f3n me excluya de alguna bicoca). El caso es que, ya anciano, se encontr\u00f3 con otro veterano requet\u00e9. Juntos, y en mi presencia, rememoraron aquellos a\u00f1os. Record\u00f3 mi padre el trilema que les sosten\u00eda en el combate: Dios-Patria-Rey. Reconoci\u00f3 que, pasados los a\u00f1os, ya no ten\u00edan rey; que, de todo aquello, solo les quedaba el ansia de patria y de Dios. Su viejo conmilit\u00f3n le mir\u00f3 descre\u00eddo y le espet\u00f3 algo que entonces estim\u00e9 sacr\u00edlego, pero ahora medio entiendo: \u201cA mi edad ya solo creo en Dios\u201d.<\/p>\n<p><img loading=\"lazy\" class=\"size-medium wp-image-275 alignright\" src=\"http:\/\/www.valbuena.es\/wp-content\/uploads\/2018\/01\/firma-fernando-valbuena-300x102.png\" alt=\"\" width=\"300\" height=\"102\" \/><\/p>\n","protected":false},"excerpt":{"rendered":"<p>\u201cReputamos la monarqu\u00eda gloriosamente fenecida\u201d, dijo Jos\u00e9 Antonio Primo de Rivera.<\/p>\n","protected":false},"author":2,"featured_media":0,"comment_status":"open","ping_status":"open","sticky":false,"template":"","format":"standard","meta":{"_genesis_hide_title":false,"_genesis_hide_breadcrumbs":false,"_genesis_hide_singular_image":false,"_genesis_hide_footer_widgets":false,"_genesis_custom_body_class":"","_genesis_custom_post_class":"","_genesis_layout":""},"categories":[4],"tags":[],"_links":{"self":[{"href":"https:\/\/www.valbuena.es\/index.php?rest_route=\/wp\/v2\/posts\/380"}],"collection":[{"href":"https:\/\/www.valbuena.es\/index.php?rest_route=\/wp\/v2\/posts"}],"about":[{"href":"https:\/\/www.valbuena.es\/index.php?rest_route=\/wp\/v2\/types\/post"}],"author":[{"embeddable":true,"href":"https:\/\/www.valbuena.es\/index.php?rest_route=\/wp\/v2\/users\/2"}],"replies":[{"embeddable":true,"href":"https:\/\/www.valbuena.es\/index.php?rest_route=%2Fwp%2Fv2%2Fcomments&post=380"}],"version-history":[{"count":4,"href":"https:\/\/www.valbuena.es\/index.php?rest_route=\/wp\/v2\/posts\/380\/revisions"}],"predecessor-version":[{"id":648,"href":"https:\/\/www.valbuena.es\/index.php?rest_route=\/wp\/v2\/posts\/380\/revisions\/648"}],"wp:attachment":[{"href":"https:\/\/www.valbuena.es\/index.php?rest_route=%2Fwp%2Fv2%2Fmedia&parent=380"}],"wp:term":[{"taxonomy":"category","embeddable":true,"href":"https:\/\/www.valbuena.es\/index.php?rest_route=%2Fwp%2Fv2%2Fcategories&post=380"},{"taxonomy":"post_tag","embeddable":true,"href":"https:\/\/www.valbuena.es\/index.php?rest_route=%2Fwp%2Fv2%2Ftags&post=380"}],"curies":[{"name":"wp","href":"https:\/\/api.w.org\/{rel}","templated":true}]}}