{"id":1546,"date":"2023-12-22T07:43:24","date_gmt":"2023-12-22T07:43:24","guid":{"rendered":"https:\/\/www.valbuena.es\/?p=1546"},"modified":"2023-12-22T08:00:40","modified_gmt":"2023-12-22T08:00:40","slug":"ocho-huevos-en-un-plato-de-barro","status":"publish","type":"post","link":"https:\/\/www.valbuena.es\/?p=1546","title":{"rendered":"OCHO HUEVOS EN UN PLATO DE BARRO"},"content":{"rendered":"\n<figure class=\"wp-block-image size-large\"><img loading=\"lazy\" width=\"768\" height=\"1024\" src=\"https:\/\/www.valbuena.es\/wp-content\/uploads\/2023\/12\/Belen-768x1024.jpg\" alt=\"\" class=\"wp-image-1547\" srcset=\"https:\/\/www.valbuena.es\/wp-content\/uploads\/2023\/12\/Belen-768x1024.jpg 768w, https:\/\/www.valbuena.es\/wp-content\/uploads\/2023\/12\/Belen-225x300.jpg 225w, https:\/\/www.valbuena.es\/wp-content\/uploads\/2023\/12\/Belen-1152x1536.jpg 1152w, https:\/\/www.valbuena.es\/wp-content\/uploads\/2023\/12\/Belen-1536x2048.jpg 1536w, https:\/\/www.valbuena.es\/wp-content\/uploads\/2023\/12\/Belen-scaled.jpg 1920w\" sizes=\"(max-width: 768px) 100vw, 768px\" \/><\/figure>\n\n\n\n<p><\/p>\n\n\n\n<p>Ocho huevos en un plato de barro, un bacalao de colgar, un rat\u00f3n comi\u00e9ndose una hogaza de pan y un rotulito de madera. Todo en la palma de la mano. Todo por calderilla. Le\u00f1a seca para quemar en el coraz\u00f3n.<\/p>\n\n\n\n<p>Este a\u00f1o no, no monto el bel\u00e9n. No lo monto hace a\u00f1os. Un poco por esto, un poco por lo otro&#8230; Lo guardo dentro un ba\u00fal que escondo en el altillo de un armario. Pesa tanto que, m\u00e1s que escondido, creo que est\u00e1 varado entre las rocas del pasado. No me atrevo a menearlo. Tal vez parezca una excusa y, as\u00ed, entre nosotros, lo es. A\u00fan puedo subirme a un taburete y tirar del ba\u00fal. Creo. Tal vez\u2026 En todo caso, este a\u00f1o, un poco por esto, un poco por lo otro, tampoco. Otro a\u00f1o que mi bel\u00e9n pasar\u00e1 las Navidades all\u00e1 arriba, bajo un cielo oscuro a la espera de que se le cruce una estrella\u2026<\/p>\n\n\n\n<p>Estrellado en estos pensamientos andaba yo cuando se me cruz\u00f3 un mercadillo navide\u00f1o. Luces, tenderetes, juguetes, turrones\u2026 y belenes. Mi suegra nos regal\u00f3 su bel\u00e9n; el bel\u00e9n que a ella le regalaron cuando se cas\u00f3. Ella tampoco lo pon\u00eda ya. Supongo que cada edad tiene su af\u00e1n. Yo, durante a\u00f1os, lo mont\u00e9 lleno de ilusi\u00f3n. Nunca con el arte de los belenistas avezados, pero s\u00ed con ilusi\u00f3n, fe y esperanza. Me fui acostumbrando al tacto de sus figuras y hasta le repar\u00e9 una pata rota al camello de Baltasar. Mi bel\u00e9n iba a m\u00e1s, de hecho, a lo largo de todo el a\u00f1o buscaba enredos con que mejorarlo. Hubo Navidades que mont\u00e9 hasta tres: el de casa, el del trabajo y el de mis padres. Hubo un tiempo en que regalaba belenes en las bodas. En cambio, ahora no monto el bel\u00e9n de mi suegra. Lo conservo. Los otros los regal\u00e9. En eso pienso mientras curioseo entre los que varean olivos y las que asan casta\u00f1as. Ya no compro nada que no quepa en la palma de mano, porque nada mayor que una nuez cabe en el ba\u00fal. Es como si en \u00e9l no cupieran m\u00e1s recuerdos y como si los que all\u00ed quedan estuvieran en trance de olvido.<\/p>\n\n\n\n<p>Vivimos tiempos en que creer o no creer es irrelevante. Al menos en Occidente. En todo caso, es algo que queda circunscrito al \u00e1mbito de lo privado, m\u00e1s a\u00fan, al de lo \u00edntimo. Bien pudiera ser. No dir\u00e9 yo que no. Sin embargo, no es posible entender la civilizaci\u00f3n occidental desgajada de sus ra\u00edces cristianas. Un orden religioso, pero tambi\u00e9n, y fundamentalmente, el orden cultural y moral que venci\u00f3 a la barbarie. Somos lo que somos porque somos cristianos, o, al menos, porque lo hemos sido. Europa es lo que es porque ha sido cristiana. Espa\u00f1a es lo que es porque ha sido cat\u00f3lica. Eso incluye un universo \u00e9tico que gira en torno al ser humano, de todo ser humano que nacido a imagen y semejanza del mismo Dios es sujeto de derechos inalienables. Un universo que incluye tambi\u00e9n tradiciones que, a\u00fan hoy, levantan muros frente a la disgregaci\u00f3n moral de los pueblos.<\/p>\n\n\n\n<p>Puede que haya Navidad sin turr\u00f3n, pero no hay Navidad sin Dios, as\u00ed que el pasado domingo compr\u00e9 una estampa vieja en el otro mercadillo, el de los cachivaches en fuga. Una vieja postal que sirvi\u00f3 de felicitaci\u00f3n all\u00e1 por 1939; un nacimiento, sin buey ni burra, pero con Reyes Magos. Ayer, en el parque, tom\u00e9 una ramita de lavanda para ponerla a los pies del reci\u00e9n nacido. Este a\u00f1o los Reyes Magos le traen ocho huevos en un plato de barro, un bacalao de colgar y un rat\u00f3n comi\u00e9ndose una hogaza de pan. Es un bel\u00e9n, lo s\u00e9 porque en el rotulito de madera est\u00e1 escrita la palabra Bel\u00e9n. Nada m\u00e1s, una postal y una ramita de lavanda. Con eso basta. Todo tiene un extra\u00f1o volumen. Tambi\u00e9n lo que hay dentro de m\u00ed.<\/p>\n","protected":false},"excerpt":{"rendered":"<p>Puede que haya Navidad sin turr\u00f3n, pero no hay Navidad sin Dios&#8230;<\/p>\n","protected":false},"author":2,"featured_media":1547,"comment_status":"open","ping_status":"open","sticky":false,"template":"","format":"standard","meta":{"_genesis_hide_title":false,"_genesis_hide_breadcrumbs":false,"_genesis_hide_singular_image":false,"_genesis_hide_footer_widgets":false,"_genesis_custom_body_class":"","_genesis_custom_post_class":"","_genesis_layout":""},"categories":[4],"tags":[],"_links":{"self":[{"href":"https:\/\/www.valbuena.es\/index.php?rest_route=\/wp\/v2\/posts\/1546"}],"collection":[{"href":"https:\/\/www.valbuena.es\/index.php?rest_route=\/wp\/v2\/posts"}],"about":[{"href":"https:\/\/www.valbuena.es\/index.php?rest_route=\/wp\/v2\/types\/post"}],"author":[{"embeddable":true,"href":"https:\/\/www.valbuena.es\/index.php?rest_route=\/wp\/v2\/users\/2"}],"replies":[{"embeddable":true,"href":"https:\/\/www.valbuena.es\/index.php?rest_route=%2Fwp%2Fv2%2Fcomments&post=1546"}],"version-history":[{"count":4,"href":"https:\/\/www.valbuena.es\/index.php?rest_route=\/wp\/v2\/posts\/1546\/revisions"}],"predecessor-version":[{"id":1551,"href":"https:\/\/www.valbuena.es\/index.php?rest_route=\/wp\/v2\/posts\/1546\/revisions\/1551"}],"wp:featuredmedia":[{"embeddable":true,"href":"https:\/\/www.valbuena.es\/index.php?rest_route=\/wp\/v2\/media\/1547"}],"wp:attachment":[{"href":"https:\/\/www.valbuena.es\/index.php?rest_route=%2Fwp%2Fv2%2Fmedia&parent=1546"}],"wp:term":[{"taxonomy":"category","embeddable":true,"href":"https:\/\/www.valbuena.es\/index.php?rest_route=%2Fwp%2Fv2%2Fcategories&post=1546"},{"taxonomy":"post_tag","embeddable":true,"href":"https:\/\/www.valbuena.es\/index.php?rest_route=%2Fwp%2Fv2%2Ftags&post=1546"}],"curies":[{"name":"wp","href":"https:\/\/api.w.org\/{rel}","templated":true}]}}