{"id":1543,"date":"2023-12-17T19:48:28","date_gmt":"2023-12-17T19:48:28","guid":{"rendered":"https:\/\/www.valbuena.es\/?p=1543"},"modified":"2023-12-17T19:48:29","modified_gmt":"2023-12-17T19:48:29","slug":"2023","status":"publish","type":"post","link":"https:\/\/www.valbuena.es\/?p=1543","title":{"rendered":"2023"},"content":{"rendered":"\n<figure class=\"wp-block-image size-large\"><img loading=\"lazy\" width=\"674\" height=\"1024\" src=\"https:\/\/www.valbuena.es\/wp-content\/uploads\/2023\/12\/Clarion-2-674x1024.jpg\" alt=\"\" class=\"wp-image-1544\" srcset=\"https:\/\/www.valbuena.es\/wp-content\/uploads\/2023\/12\/Clarion-2-674x1024.jpg 674w, https:\/\/www.valbuena.es\/wp-content\/uploads\/2023\/12\/Clarion-2-197x300.jpg 197w, https:\/\/www.valbuena.es\/wp-content\/uploads\/2023\/12\/Clarion-2.jpg 688w\" sizes=\"(max-width: 674px) 100vw, 674px\" \/><\/figure>\n\n\n\n<p>Por extra\u00f1os vericuetos del destino lleg\u00f3 a mis manos una carta de Miguel de Unamuno fechada en diciembre de 1936. Casi Navidad. M\u00e1s Navidad que nunca en los p\u00e1ramos de Espa\u00f1a. Una de sus \u00faltimas cartas, si no la \u00faltima. Cada vez que vuelvo a ella, m\u00e1s que la guerra civil de la que trata, me asalta la idea de la inmediata muerte de su escribidor. Don Miguel muri\u00f3 el 31 de diciembre de 1936 como si no quisiera hollar 1937. O como si no quisiera que 1937 le hollase a \u00e9l&#8230; No fue 1936 su mejor a\u00f1o. O s\u00ed. Dado su car\u00e1cter, quiz\u00e1 lo acontecido aquel 12 de octubre, m\u00e1s que abatir su \u00e1nimo, fuera para \u00e9l, al menos en su fuero interno, motivo de celebraci\u00f3n, ocasi\u00f3n para cincelar en piedra su memoria de ap\u00f3stol. Un tanto as\u00ed era el maestro. Todos tenemos nuestras rarezas. Mas en eso lleg\u00f3 el d\u00eda 31 y se muri\u00f3. Perdonen la simpleza, pero hasta el rabo todo es toro. No era aficionado Don Miguel, pero ah\u00ed queda la moraleja. As\u00ed que a\u00fan no s\u00e9 si 2023 fue bueno a medias o ser\u00e1 malo del todo. Al menos, no hasta que doble ese Cabo de Hornos que nos espera cada 31 de diciembre a medianoche. Luego, Dios dir\u00e1. No s\u00e9 si nacen ni\u00f1os en Extremadura. Al menos uno, un ni\u00f1o al menos, ha de nacer antes de que acabe el a\u00f1o. Uno por cada uno de los que nos faltan. No s\u00e9 ustedes, yo no borro del tel\u00e9fono los n\u00fameros de los amigos muertos; eso s\u00ed, anoto por delante RIP en previsi\u00f3n de que alg\u00fan d\u00eda pudiera fallarme la memoria. Este a\u00f1o, como ya viene siendo habitual, me salen m\u00e1s de cuatro funerales por boda. En verdad, muchos m\u00e1s. Es la letan\u00eda del tiempo, el inmisericorde balance del a\u00f1o. Al menos el m\u00edo. \u00bfLo dem\u00e1s? Lo dem\u00e1s se os dar\u00e1 por a\u00f1adidura\u2026 Tanto calentarse el caletre y se muri\u00f3, se muri\u00f3 Don Miguel. Ni siendo Don Miguel pudo escapar. Ni los hunos ni los hotros, solo qued\u00f3 el verbo, su verbo encendido. As\u00ed que no dejen de hablar. No dejen tampoco de cantar villancicos que es buena manera de hablar. Y si les queda memoria en el sistema recuerden c\u00f3mo y con qui\u00e9n han llegado hasta aqu\u00ed, y celebren que, a poco que aguanten, llegar\u00e1n vivos a 2024. \u00a1Quiera Dios que all\u00ed nos veamos todos! \u00a1Qui\u00e9ralo!<\/p>\n","protected":false},"excerpt":{"rendered":"<p>Al menos, no hasta que doble ese Cabo de Hornos&#8230;<\/p>\n","protected":false},"author":2,"featured_media":1544,"comment_status":"open","ping_status":"open","sticky":false,"template":"","format":"standard","meta":{"_genesis_hide_title":false,"_genesis_hide_breadcrumbs":false,"_genesis_hide_singular_image":false,"_genesis_hide_footer_widgets":false,"_genesis_custom_body_class":"","_genesis_custom_post_class":"","_genesis_layout":""},"categories":[4],"tags":[],"_links":{"self":[{"href":"https:\/\/www.valbuena.es\/index.php?rest_route=\/wp\/v2\/posts\/1543"}],"collection":[{"href":"https:\/\/www.valbuena.es\/index.php?rest_route=\/wp\/v2\/posts"}],"about":[{"href":"https:\/\/www.valbuena.es\/index.php?rest_route=\/wp\/v2\/types\/post"}],"author":[{"embeddable":true,"href":"https:\/\/www.valbuena.es\/index.php?rest_route=\/wp\/v2\/users\/2"}],"replies":[{"embeddable":true,"href":"https:\/\/www.valbuena.es\/index.php?rest_route=%2Fwp%2Fv2%2Fcomments&post=1543"}],"version-history":[{"count":1,"href":"https:\/\/www.valbuena.es\/index.php?rest_route=\/wp\/v2\/posts\/1543\/revisions"}],"predecessor-version":[{"id":1545,"href":"https:\/\/www.valbuena.es\/index.php?rest_route=\/wp\/v2\/posts\/1543\/revisions\/1545"}],"wp:featuredmedia":[{"embeddable":true,"href":"https:\/\/www.valbuena.es\/index.php?rest_route=\/wp\/v2\/media\/1544"}],"wp:attachment":[{"href":"https:\/\/www.valbuena.es\/index.php?rest_route=%2Fwp%2Fv2%2Fmedia&parent=1543"}],"wp:term":[{"taxonomy":"category","embeddable":true,"href":"https:\/\/www.valbuena.es\/index.php?rest_route=%2Fwp%2Fv2%2Fcategories&post=1543"},{"taxonomy":"post_tag","embeddable":true,"href":"https:\/\/www.valbuena.es\/index.php?rest_route=%2Fwp%2Fv2%2Ftags&post=1543"}],"curies":[{"name":"wp","href":"https:\/\/api.w.org\/{rel}","templated":true}]}}