{"id":1482,"date":"2023-10-30T20:24:33","date_gmt":"2023-10-30T20:24:33","guid":{"rendered":"http:\/\/www.valbuena.es\/?p=1482"},"modified":"2023-10-30T20:24:34","modified_gmt":"2023-10-30T20:24:34","slug":"prensa","status":"publish","type":"post","link":"https:\/\/www.valbuena.es\/?p=1482","title":{"rendered":"PRENSA"},"content":{"rendered":"\n<figure class=\"wp-block-image size-full\"><img loading=\"lazy\" width=\"864\" height=\"641\" src=\"http:\/\/www.valbuena.es\/wp-content\/uploads\/2023\/10\/Lewis-Wickes-Hine-LA-Mayo-1915-10.jpg\" alt=\"\" class=\"wp-image-1483\" srcset=\"https:\/\/www.valbuena.es\/wp-content\/uploads\/2023\/10\/Lewis-Wickes-Hine-LA-Mayo-1915-10.jpg 864w, https:\/\/www.valbuena.es\/wp-content\/uploads\/2023\/10\/Lewis-Wickes-Hine-LA-Mayo-1915-10-300x223.jpg 300w, https:\/\/www.valbuena.es\/wp-content\/uploads\/2023\/10\/Lewis-Wickes-Hine-LA-Mayo-1915-10-768x570.jpg 768w\" sizes=\"(max-width: 864px) 100vw, 864px\" \/><\/figure>\n\n\n\n<p><\/p>\n\n\n\n<p>Prensa. La prensa. La de fuera y la de aqu\u00ed. La que se escribe cuesta arriba. La que piensa en colores y escribe lo que piensa negro sobre blanco. Le tengo querencia a la prensa. Le tengo querencia a resucitar por las ma\u00f1anas: caf\u00e9, lo que se tercie y papel. La prensa resucita cada ma\u00f1ana en carne y hueso de papel. Y trae en sus p\u00e1ginas la magia de una primavera, luminosa y tibia, cada veinticuatro horas.<\/p>\n\n\n\n<p>Sin embargo, doy por hecho que, tanto ustedes como yo, despreciamos el peri\u00f3dico de ayer cuando alguien nos lo ofrece. \u00abEs el de ayer\u00bb, se oye decir a modo de disculpa lastimera. Cada ma\u00f1ana nos burlamos de las letras ajadas de ayer. El peri\u00f3dico de ayer pide hoy, a voces, puntilla. Rara vez hay ocasi\u00f3n para el indulto en esta plaza. A lo sumo, el papel del que est\u00e1 hecho sirve para envolver bocadillos de tortilla francesa o a la mula del nacimiento. Quiz\u00e1 para encender la le\u00f1a en la chimenea o para dormir el invierno en la cueva oscura de los zapatos de verano. Salvo para estos usos, m\u00e1s bien de cuando Fernando VII usaba palet\u00f3, para poco o nada sirve. Se nos muri\u00f3 el peri\u00f3dico de ayer, bien muerto est\u00e1\u2026<\/p>\n\n\n\n<p>O no. A veces vuelven. A veces los muertos gozan, para sorpresa de los vivos, de buena salud. Al menos en las hemerotecas. Y el camino, de repente, se nos vuelve ancho, tan ancho que tiene por anchura la anchura toda de la llanura. Lo vivido todo&#8230; A veces, de repente, pasa que vuelven y es como si volvieran para decirnos: \u00abyo, que he vivido a tu lado, lo recuerdo\u00bb.<\/p>\n\n\n\n<p>Sucede ahora que este diario ha publicado una obra encantadora: la historia de los \u00faltimos cien a\u00f1os en las p\u00e1ginas de El Peri\u00f3dico Extremadura. El Peri\u00f3dico. El Extremadura. El peri\u00f3dico. Extremadura\u2026 Un libro evocador. Evocar, que es recordar lo conocido. Lo vivido. Aunque se nos hubiera traspapelado entre meninges\u2026<\/p>\n\n\n\n<p>Y le doy vueltas a tan meritorio esfuerzo y a la moraleja que contiene. La prensa no es exactamente lo que ocurre, pero, sin duda, pasado el tiempo, es lo que m\u00e1s se parece a lo ocurrido. Especialmente si se trata de la prensa local, la que m\u00e1s acorta la distancia entre la vida y el papel, entre lo vivido y lo escrito\u2026 Y me alcanza cierta emoci\u00f3n, la de la prensa. La gente de la prensa: los periodistas y el resto, un resto que es legi\u00f3n. En su voluntad de hacer rentable la libertad. Quiz\u00e1 todo se resuma en eso y en esto: oficio y pasi\u00f3n. La gente de la prensa en la trinchera angosta y h\u00fameda de su vivir urgente. Trinchera que, bien mirada, se me antoja faro enhiesto frente al mar embravecido (angosto y h\u00famedo). C\u00e1ceres no tiene mar, pero tiene, como los mares, olas. Olas que van a morir a la calle Doctor Mara\u00f1\u00f3n, que, tras sus tornos, es redacci\u00f3n, trinchera y faro.<\/p>\n\n\n\n<p>\u00abEl Peri\u00f3dico Extremadura: testigo de un siglo\u00bb, as\u00ed se titula la obra que acaban de presentar los historiadores Alfonso Pinilla, Elena de la Gala, Juan S\u00e1nchez y Jos\u00e9 Antonio Rubio. Testigo y, a\u00f1ado yo, testimonio. A diario, cada ma\u00f1ana. D\u00eda tras d\u00eda en un mar de incertidumbres. Un testimonio siempre a la espera de quien quiera rescatarlo. La vida, retazos de la vida de cada uno de nosotros, la vida de todos en las p\u00e1ginas de los peri\u00f3dicos de ayer. Somos lo que de nosotros queda en sus p\u00e1ginas\u2026<\/p>\n\n\n\n<p>A veces, por Navidad, al desenvolver la mula, en un instante ciego, rendido y melanc\u00f3lico, vuelves a leer las letras que una ma\u00f1ana cualquiera resucitaron contigo y que, no se sabe muy bien el porqu\u00e9, siguen vivas, como sigues vivo t\u00fa mismo en ellas.<\/p>\n","protected":false},"excerpt":{"rendered":"<p>La tarea dif\u00edcil de hacer rentable la libertad de informar (y de opinar).<\/p>\n","protected":false},"author":2,"featured_media":1483,"comment_status":"open","ping_status":"open","sticky":false,"template":"","format":"standard","meta":{"_genesis_hide_title":false,"_genesis_hide_breadcrumbs":false,"_genesis_hide_singular_image":false,"_genesis_hide_footer_widgets":false,"_genesis_custom_body_class":"","_genesis_custom_post_class":"","_genesis_layout":""},"categories":[4],"tags":[],"_links":{"self":[{"href":"https:\/\/www.valbuena.es\/index.php?rest_route=\/wp\/v2\/posts\/1482"}],"collection":[{"href":"https:\/\/www.valbuena.es\/index.php?rest_route=\/wp\/v2\/posts"}],"about":[{"href":"https:\/\/www.valbuena.es\/index.php?rest_route=\/wp\/v2\/types\/post"}],"author":[{"embeddable":true,"href":"https:\/\/www.valbuena.es\/index.php?rest_route=\/wp\/v2\/users\/2"}],"replies":[{"embeddable":true,"href":"https:\/\/www.valbuena.es\/index.php?rest_route=%2Fwp%2Fv2%2Fcomments&post=1482"}],"version-history":[{"count":1,"href":"https:\/\/www.valbuena.es\/index.php?rest_route=\/wp\/v2\/posts\/1482\/revisions"}],"predecessor-version":[{"id":1484,"href":"https:\/\/www.valbuena.es\/index.php?rest_route=\/wp\/v2\/posts\/1482\/revisions\/1484"}],"wp:featuredmedia":[{"embeddable":true,"href":"https:\/\/www.valbuena.es\/index.php?rest_route=\/wp\/v2\/media\/1483"}],"wp:attachment":[{"href":"https:\/\/www.valbuena.es\/index.php?rest_route=%2Fwp%2Fv2%2Fmedia&parent=1482"}],"wp:term":[{"taxonomy":"category","embeddable":true,"href":"https:\/\/www.valbuena.es\/index.php?rest_route=%2Fwp%2Fv2%2Fcategories&post=1482"},{"taxonomy":"post_tag","embeddable":true,"href":"https:\/\/www.valbuena.es\/index.php?rest_route=%2Fwp%2Fv2%2Ftags&post=1482"}],"curies":[{"name":"wp","href":"https:\/\/api.w.org\/{rel}","templated":true}]}}