{"id":1470,"date":"2023-07-08T06:29:38","date_gmt":"2023-07-08T06:29:38","guid":{"rendered":"http:\/\/www.valbuena.es\/?p=1470"},"modified":"2023-07-08T07:14:57","modified_gmt":"2023-07-08T07:14:57","slug":"de-vuelta-a-los-colores-del-toreo","status":"publish","type":"post","link":"https:\/\/www.valbuena.es\/?p=1470","title":{"rendered":"DE VUELTA A LOS COLORES DEL TOREO"},"content":{"rendered":"\n<p>Dedicado a la memoria de Don Marceliano Ortiz, que tanto sab\u00eda de todo esto.<\/p>\n\n\n\n<p><\/p>\n\n\n\n<figure class=\"wp-block-image size-full\"><img loading=\"lazy\" width=\"876\" height=\"584\" src=\"http:\/\/www.valbuena.es\/wp-content\/uploads\/2023\/07\/Pavo-y-yo.jpg\" alt=\"\" class=\"wp-image-1471\" srcset=\"https:\/\/www.valbuena.es\/wp-content\/uploads\/2023\/07\/Pavo-y-yo.jpg 876w, https:\/\/www.valbuena.es\/wp-content\/uploads\/2023\/07\/Pavo-y-yo-300x200.jpg 300w, https:\/\/www.valbuena.es\/wp-content\/uploads\/2023\/07\/Pavo-y-yo-768x512.jpg 768w\" sizes=\"(max-width: 876px) 100vw, 876px\" \/><\/figure>\n\n\n\n<p><\/p>\n\n\n\n<p><\/p>\n\n\n\n<p>Termino lo que empec\u00e9. Vuelvo a los colores de toreo. El traje de luces, la otra piel. Cuentan que Joselito llor\u00f3 la primera vez que se visti\u00f3 de torero. En \u00e9l, en el traje de luces, cara y cruz, toda la grandeza del toreo: en el triunfo, luminaria, en la tragedia, mortaja. Opulento. Abigarrado. Prieto. Y, sin embargo, no es el terno, sino la haza\u00f1a desnuda la que viste al torero\u2026<\/p>\n\n\n\n<p>Continuamos. Carguen la suerte, escojan seg\u00fan le barrunten el aire a la tarde. Y es que el mismo color, seg\u00fan qui\u00e9n, seg\u00fan d\u00f3nde, pide palabras distintas para nombrarlo.<\/p>\n\n\n\n<p>Los colores del torero est\u00e1n emparentados con el fario. El bueno y el malo. Cara y cruz. Qui\u00e9n sabe\u2026 Del amarillo se dice que es el color de la mala suerte. Al menos, en las plazas de toros. Algunos toreros, visti\u00e9ndolo, han desafiado al mal fario. Fandi\u00f1o, por ejemplo. Fandi\u00f1o era torero de alberos y ca\u00f1as, y hasta de rabiosos canarios. Y, sin embargo, el destino quiso que un toro lo matara vestido de teja y oro, el mismo color que luc\u00eda la tarde que cruz\u00f3 la Puerta Grande de Las Ventas. Cara y cruz. Y, aunque amarillo amarillo, s\u00f3lo el canario, ah\u00ed le rondan el albero, el ca\u00f1a, el oro viejo, el cava y, ya casi ido, el marfil.<\/p>\n\n\n\n<p>Y si los amarillos tienen algo de desaf\u00edo, de provocaci\u00f3n, los marrones cantan al torero en calma, seguro de s\u00ed mismo. De m\u00e1s a menos oscuro: el tabaco o habana (aunque algunos, en una voltereta po\u00e9tica, convierten el habana en el azul de los cielos caribe\u00f1os), el teja o tierra de Siena, el caldero o cobre, el carmelita o canela y, cerrando el abanico, el barquillo. Y tambi\u00e9n por esos andurriales, el salm\u00f3n y el mandarina (que no naranja).<\/p>\n\n\n\n<p>Vivir y morir vestido de luces. Manolo Montoliu vest\u00eda de verde oliva y azabache la tarde infausta de su muerte en Sevilla. El Pana, el Brujo de Apizaco, verde bandera y azabache la tarde aciaga de Ciudad Lerdo. Verdes: botella, bandera, manzana, oliva, pistacho, nilo o aguamarina y espuma de mar. Verde bandera, que es el m\u00e1s mexicano de los verdes, porque ese verde es el verde de su bandera. Verde manzana que, ya por siempre, ser\u00e1 verde Bienvenida, por Antonio, la sonrisa toreadora. Y el turquesa, que a veces es verde y a veces azul. Los colores bailan. Cara y cruz. \u00bfQui\u00e9n no recuerda a Juan Mora de verde botella aquella tarde de gloria vente\u00f1a?<\/p>\n\n\n\n<p>Los rosas, por ejemplo. El m\u00e1s intenso es el amaranto, al que le dicen rosa mexicano (procuren no mascar chicle). Lindo entre los lindos, el buganvilla. Y, rendido, el rosa palo. Manolete vest\u00eda de rosa palo la tarde Linares, aunque Sabina, por aquello de la m\u00e9trica, lo trucara en pur\u00edsima.<\/p>\n\n\n\n<p>Y los rojos. No se asusten\u2026 Corinto, tan oscuro como las pasas de Corinto. Los tintos (burdeos, rioja, cari\u00f1ena y lo que se tercie y seg\u00fan d\u00f3nde se tercie). Seco y hondo, el sangre de toro. Luego los granas: el grana por antonomasia, rojo clavel de las coplas. Luego el cardenal o carmes\u00ed, que viene a ser el grana que se enciende y el coral, el grana que se apaga. Y en Extremadura, lo mismo que en Murcia, tiren de piment\u00f3n. El grana, el color de los valientes. Ya se lo dijo C\u00fachares a su hijo, Currito, <em>\u201c\u00a1No te van a coger los toros si vas vestido de muleta!\u201d<\/em>. Con un traje grana y oro -un mismo traje para dos tragedias- murieron los dos hermanos Fabrilo, primero Julio, luego Paco. De grana muri\u00f3 tambi\u00e9n Joselito, el rey de los toreros, aunque Alberti, \u00a1ay los poetas\u2026!, se tomara la licencia de escribir: <em>\u201cNi\u00f1o de amaranto y oro \/ c\u00f3mo llora tu cuadrilla \/ y c\u00f3mo llora Sevilla \/ despidi\u00e9ndote del toro\u201d<\/em>.<\/p>\n\n\n\n<p>Recuerden, el color, en los ruedos, es algo m\u00e1s, algo m\u00e1s que tono, intensidad y luminosidad. Es la vida a cara o cruz. Escojan, aunque solo sea por un instante, vivir con arte. Y con valor.<\/p>\n","protected":false},"excerpt":{"rendered":"<p>El traje de luces, en el triunfo, laurel, en la tragedia, mortaja.<\/p>\n","protected":false},"author":2,"featured_media":1472,"comment_status":"open","ping_status":"open","sticky":false,"template":"","format":"standard","meta":{"_genesis_hide_title":false,"_genesis_hide_breadcrumbs":false,"_genesis_hide_singular_image":false,"_genesis_hide_footer_widgets":false,"_genesis_custom_body_class":"","_genesis_custom_post_class":"","_genesis_layout":""},"categories":[5],"tags":[],"_links":{"self":[{"href":"https:\/\/www.valbuena.es\/index.php?rest_route=\/wp\/v2\/posts\/1470"}],"collection":[{"href":"https:\/\/www.valbuena.es\/index.php?rest_route=\/wp\/v2\/posts"}],"about":[{"href":"https:\/\/www.valbuena.es\/index.php?rest_route=\/wp\/v2\/types\/post"}],"author":[{"embeddable":true,"href":"https:\/\/www.valbuena.es\/index.php?rest_route=\/wp\/v2\/users\/2"}],"replies":[{"embeddable":true,"href":"https:\/\/www.valbuena.es\/index.php?rest_route=%2Fwp%2Fv2%2Fcomments&post=1470"}],"version-history":[{"count":5,"href":"https:\/\/www.valbuena.es\/index.php?rest_route=\/wp\/v2\/posts\/1470\/revisions"}],"predecessor-version":[{"id":1477,"href":"https:\/\/www.valbuena.es\/index.php?rest_route=\/wp\/v2\/posts\/1470\/revisions\/1477"}],"wp:featuredmedia":[{"embeddable":true,"href":"https:\/\/www.valbuena.es\/index.php?rest_route=\/wp\/v2\/media\/1472"}],"wp:attachment":[{"href":"https:\/\/www.valbuena.es\/index.php?rest_route=%2Fwp%2Fv2%2Fmedia&parent=1470"}],"wp:term":[{"taxonomy":"category","embeddable":true,"href":"https:\/\/www.valbuena.es\/index.php?rest_route=%2Fwp%2Fv2%2Fcategories&post=1470"},{"taxonomy":"post_tag","embeddable":true,"href":"https:\/\/www.valbuena.es\/index.php?rest_route=%2Fwp%2Fv2%2Ftags&post=1470"}],"curies":[{"name":"wp","href":"https:\/\/api.w.org\/{rel}","templated":true}]}}