{"id":1456,"date":"2023-07-01T06:09:34","date_gmt":"2023-07-01T06:09:34","guid":{"rendered":"https:\/\/www.valbuena.es\/?p=1456"},"modified":"2023-07-01T06:44:22","modified_gmt":"2023-07-01T06:44:22","slug":"yo-i","status":"publish","type":"post","link":"https:\/\/www.valbuena.es\/?p=1456","title":{"rendered":"YO, IN\u00daTIL TOTAL"},"content":{"rendered":"\n<figure class=\"wp-block-image size-large\"><img loading=\"lazy\" width=\"1024\" height=\"768\" src=\"https:\/\/www.valbuena.es\/wp-content\/uploads\/2023\/07\/Menacho-2-1024x768.jpg\" alt=\"\" class=\"wp-image-1459\" srcset=\"https:\/\/www.valbuena.es\/wp-content\/uploads\/2023\/07\/Menacho-2-1024x768.jpg 1024w, https:\/\/www.valbuena.es\/wp-content\/uploads\/2023\/07\/Menacho-2-300x225.jpg 300w, https:\/\/www.valbuena.es\/wp-content\/uploads\/2023\/07\/Menacho-2-768x576.jpg 768w, https:\/\/www.valbuena.es\/wp-content\/uploads\/2023\/07\/Menacho-2-1536x1152.jpg 1536w, https:\/\/www.valbuena.es\/wp-content\/uploads\/2023\/07\/Menacho-2-2048x1536.jpg 2048w\" sizes=\"(max-width: 1024px) 100vw, 1024px\" \/><figcaption class=\"wp-element-caption\">Salvador Amaya, el escultor, y su obra, Menacho.<\/figcaption><\/figure>\n\n\n\n<p><\/p>\n\n\n\n<p><\/p>\n\n\n\n<p>Creo en Dios con la urgencia del que se ahoga. M\u00e1s o menos como creo en nuestros ej\u00e9rcitos. Creo por necesidad. Porque no hay velero sin velas, ni patria sin milicia, por eso creo. Creo en ellos al sol de una ma\u00f1ana de verano, en las tierras secas y destartaladas de Extremadura. Al menos eso pienso mientras suena, al paso lento de guiones y banderines,&nbsp;<em>La muerte no es el final<\/em>.<\/p>\n\n\n\n<p>Por una carambola del vivir incierto, el pasado jueves fui invitado a la inauguraci\u00f3n de un busto del General Menacho en el cuartel (yo lo llamo cuartel) que lleva su nombre. Badajoz, por supuesto. Todo tan limpio, tan ordenado\u2026 Todo tan marcial&#8230; Mientras hablo con uno y con otro la corriente me arrastra, pero, comenzado el acto castrense, ya en silencio, es el pensamiento el que se me encalabrina. Yo, in\u00fatil total. Por cegato. Yo, que aqu\u00ed sigo, entre la miop\u00eda de ayer y un nosequ\u00e9 en la garganta de hoy. No dir\u00e9 que me hubiera gustado servir a Espa\u00f1a en sus ej\u00e9rcitos. No lo dir\u00e9 porque a toro pasado todo es vana fanfarroner\u00eda. As\u00ed que no lo digo. No s\u00e9 yo, nosequ\u00e9, nosecu\u00e1ntos\u2026<\/p>\n\n\n\n<p>Al sol, como yo, tocado de bicornio, el general Menacho. Junto a \u00e9l, su escultor, Salvador Amaya, las manos que han dado vida a sus carnes de bronce. Menacho y yo, creo, s\u00f3lo coincidimos en que, ambos dos, matrimoniamos en Cartagena. \u00a1Qu\u00e9 lejos Cartagena! \u00a1Qu\u00e9 lejos tu bah\u00eda de estas dehesas de tierra adentro! \u00a1Qu\u00e9 lejos y, sin embargo, la misma patria! \u00a1Qu\u00e9 lejos y qu\u00e9 cerca!<\/p>\n\n\n\n<p>Dicen que a Menacho lo mat\u00f3 la metralla. Hay muchas maneras de morir por la patria y no todas violentas. A mi derecha, un militar portugu\u00e9s y, a mi izquierda, una inglesa que dicen vive en el castillo de Salvatierra. Sigo d\u00e1ndole vueltas a todo aquello. Ha tenido buena mano el autor. Me cuenta que ahora est\u00e1 trabajando en un grupo escult\u00f3rico sobre los Tercios. Vuelvo a lo m\u00edo, y pienso que tiene m\u00e9rito para un in\u00fatil total estar all\u00ed ante tanta gente \u00fatil. Los de uniforme y los otros. Mi general, el p\u00e1ter y la banda. A Paco Ib\u00e1\u00f1ez no le supo levantar la m\u00fasica militar. Ni a Brassens. A m\u00ed, s\u00ed. Miren ustedes por d\u00f3nde\u2026 En eso pasa una corona de laurel. Porque el laurel no muere. Porque no hay velero sin velas\u2026 En eso pienso cuando suena una descarga. Pienso en que en esta vida no todos hemos sido llamados por los mismos caminos, en que quiz\u00e1, si volviera a nacer y no necesitara gafas\u2026<\/p>\n\n\n\n<p>La vida, entre la tormenta y la calma, entre el ansia de mares nuevos y la esperanza de puertos seguros\u2026 \u00a1Qu\u00e9 lejos est\u00e1 B\u00f3toa de Cartagena! La mujer del coronel se abanica, me ve cansado y me presta su abanico. \u00a1Mal soldado hubiera sido yo! Reparten medallas. Aqu\u00ed debe ser costumbre. Recuerdo aquello que dijo el poeta:&nbsp;<em>no adorna el vestido el pecho que el pecho adorna al vestido<\/em>. Y digo yo: los poetas, en su humildad de pluma de gallina, tambi\u00e9n mueren un poco por la patria en cada verso.<\/p>\n\n\n\n<p>Aprieta ya el calor. Ahora, bajo techo: caf\u00e9, leche y zumos. Y churros. Y donuts de chocolate y de los otros. Y agua. Siempre bendita. El aire acondicionado no funciona. O parece que no funciona. Les miro. Tengo por ellos enorme admiraci\u00f3n. Otro poeta, Horacio, que no Calder\u00f3n, escribi\u00f3 aquello de&nbsp;<em>dulce et decorum est pro patria mori<\/em>. Lo le\u00ed, siendo ni\u00f1o, al pie de una cruz en Limpias. Y me qued\u00e9 con la copla\u2026 Hay muchas maneras de morir por la patria. Sea cual sea esa manera, sigue siendo dulce y decoroso morir por ella, y ha querido Dios que siga siendo en los ej\u00e9rcitos donde m\u00e1s y mejor se muera por Espa\u00f1a. As\u00ed sea por siempre.<\/p>\n","protected":false},"excerpt":{"rendered":"<p>Si volviera a nacer y no necesitara gafas\u2026<\/p>\n","protected":false},"author":2,"featured_media":1459,"comment_status":"open","ping_status":"open","sticky":false,"template":"","format":"standard","meta":{"_genesis_hide_title":false,"_genesis_hide_breadcrumbs":false,"_genesis_hide_singular_image":false,"_genesis_hide_footer_widgets":false,"_genesis_custom_body_class":"","_genesis_custom_post_class":"","_genesis_layout":""},"categories":[4],"tags":[],"_links":{"self":[{"href":"https:\/\/www.valbuena.es\/index.php?rest_route=\/wp\/v2\/posts\/1456"}],"collection":[{"href":"https:\/\/www.valbuena.es\/index.php?rest_route=\/wp\/v2\/posts"}],"about":[{"href":"https:\/\/www.valbuena.es\/index.php?rest_route=\/wp\/v2\/types\/post"}],"author":[{"embeddable":true,"href":"https:\/\/www.valbuena.es\/index.php?rest_route=\/wp\/v2\/users\/2"}],"replies":[{"embeddable":true,"href":"https:\/\/www.valbuena.es\/index.php?rest_route=%2Fwp%2Fv2%2Fcomments&post=1456"}],"version-history":[{"count":9,"href":"https:\/\/www.valbuena.es\/index.php?rest_route=\/wp\/v2\/posts\/1456\/revisions"}],"predecessor-version":[{"id":1469,"href":"https:\/\/www.valbuena.es\/index.php?rest_route=\/wp\/v2\/posts\/1456\/revisions\/1469"}],"wp:featuredmedia":[{"embeddable":true,"href":"https:\/\/www.valbuena.es\/index.php?rest_route=\/wp\/v2\/media\/1459"}],"wp:attachment":[{"href":"https:\/\/www.valbuena.es\/index.php?rest_route=%2Fwp%2Fv2%2Fmedia&parent=1456"}],"wp:term":[{"taxonomy":"category","embeddable":true,"href":"https:\/\/www.valbuena.es\/index.php?rest_route=%2Fwp%2Fv2%2Fcategories&post=1456"},{"taxonomy":"post_tag","embeddable":true,"href":"https:\/\/www.valbuena.es\/index.php?rest_route=%2Fwp%2Fv2%2Ftags&post=1456"}],"curies":[{"name":"wp","href":"https:\/\/api.w.org\/{rel}","templated":true}]}}