{"id":1433,"date":"2023-06-15T17:27:49","date_gmt":"2023-06-15T17:27:49","guid":{"rendered":"http:\/\/www.valbuena.es\/?p=1433"},"modified":"2023-06-17T10:01:28","modified_gmt":"2023-06-17T10:01:28","slug":"el-leon-de-orduna","status":"publish","type":"post","link":"https:\/\/www.valbuena.es\/?p=1433","title":{"rendered":"EL LE\u00d3N DE ORDU\u00d1A"},"content":{"rendered":"\n<figure class=\"wp-block-image size-full\"><img loading=\"lazy\" width=\"948\" height=\"465\" src=\"https:\/\/www.valbuena.es\/wp-content\/uploads\/2023\/06\/Ivan-Fandino-66.jpeg\" alt=\"\" class=\"wp-image-1436\" srcset=\"https:\/\/www.valbuena.es\/wp-content\/uploads\/2023\/06\/Ivan-Fandino-66.jpeg 948w, https:\/\/www.valbuena.es\/wp-content\/uploads\/2023\/06\/Ivan-Fandino-66-300x147.jpeg 300w, https:\/\/www.valbuena.es\/wp-content\/uploads\/2023\/06\/Ivan-Fandino-66-768x377.jpeg 768w\" sizes=\"(max-width: 948px) 100vw, 948px\" \/><\/figure>\n\n\n\n<p>No recuerdo d\u00f3nde estaba yo el d\u00eda que muri\u00f3 Iv\u00e1n Fandi\u00f1o. Que Dios me perdone&#8230; La niebla del puerto me ha borrado el recuerdo. Ordu\u00f1a, el puerto por el que Vizcaya se asoma a Castilla. El puerto donde Oca\u00f1a le parti\u00f3 las piernas a Merckx en la Vuelta del 73. He vuelto a mi ni\u00f1ez. He vuelto a Ordu\u00f1a. He vuelto a sus dos plazas entra\u00f1ables, la de los fueros y la de los toros. He vuelto a la tarde quieta al pie de Sierra Salvada. He vuelto la mirada a la cima del Txarlazo, a la Virgen de la Antigua y he rezado por \u00e9l. Exactamente hoy, 17 de junio, se cumplen seis a\u00f1os. Fue un toro de Baltasar Ib\u00e1n\u2026<\/p>\n\n\n\n<p>Cuentan que hubo un cura guipuzcoano que predicaba la existencia en el cielo, am\u00e9n de frontones, de plazas de toros. Tal vez. Es curioso, el vascuence llama <em>zezenketa<\/em> a las corridas de toros, pero no tiene palabra propia para el juego de la pelota. Iv\u00e1n Fandi\u00f1o fue pelotari. Al menos hasta que, en Llodio, en una capea, le dio cuatro capotazos a un becerro. Cuatro capotazos le bastaron para envenenarse. Quiz\u00e1 a\u00fan no sab\u00eda que en Azpeitia, la banda, entre el tercero y el cuarto, toca un <em>zortkizco<\/em> f\u00fanebre en memoria de un humilde torero vasco muerto all\u00ed en 1846; fue al banderillear. Lo de Fandi\u00f1o fue al quitar\u2026<\/p>\n\n\n\n<p>Aqu\u00ed se torea -no s\u00e9 si mejor- pero s\u00ed antes. El primer festejo documentado se celebr\u00f3 en Varea, en 1135, con motivo de la coronaci\u00f3n de Alfonso VII. En Bermeo, consta, negro sobre blanco, que se corr\u00edan toros en el siglo XIV. Hern\u00e1n Cort\u00e9s llev\u00f3 bravos de casta navarra a M\u00e9xico. Y lidiadores navarros, como el Estudiante de Falces o Mart\u00edn Barcaiztegui, \u201cMartincho\u201d, hicieron fortuna en los siglos XVII y XVIII frente a los toreadores a caballo de otras tierras. Toreros vascos, toreros de hierro. Del elgoibarr\u00e9s Don Luis Mazzantini Egu\u00eda (con el don de bachiller por delante) al sestaotarra Diego Mazquiar\u00e1n Torrontegui, \u201cFortuna\u201d (que fue el primer torero en matar un toro en Las Ventas y hasta en la misma Gran V\u00eda madrile\u00f1a). Del simpar Zacar\u00edas Lecumberri (legendario estoqueador que, en La Coru\u00f1a, en un arrebato, tumb\u00f3 a un toro de un pu\u00f1etazo en la testuz) al bilbaino (as\u00ed, sin tilde) C\u00e1stor Jaureguibeitia Ibarra, \u201cCocherito de Bilbao\u201d. Y, de mi pueblo, de Baracaldo, que tambi\u00e9n somos vizca\u00ednos, los tres Torquitos y Manolo Chacarte\u2026 Y, de Ordu\u00f1a, un muchacho llamado Iv\u00e1n Fandi\u00f1o, que iba para pelotari y quiso Dios que fuera torero de cante grande.<\/p>\n\n\n\n<p>En 2014, a vida o muerte, en un arrebato a lo Lecumberri, Fandi\u00f1o entr\u00f3 a matar sin muleta, se tir\u00f3 de cabeza a la Puerta Grande de Madrid y la cruz\u00f3. Un a\u00f1o despu\u00e9s, en 2015, el Domingo de Ramos, tambi\u00e9n en Las Ventas, se le atragant\u00f3 una corrida de seis toros. Hubo quien le ech\u00f3 en cara que no se dejara matar. Y, como en los versos de Kipling, volvi\u00f3 a la pelea. \u00c9l, quiz\u00e1 el \u00faltimo torero hecho en las capeas, volvi\u00f3 a la intemperie, cabal y grave, por el camino dif\u00edcil de ir suelto. \u00c9l, que solo tuvo un apoderado porque solo ten\u00eda una palabra. \u00c9l, arreando. De no haber sido torero, de haber sido pelotari, hubiera muerto con las manos reventadas, sin embargo, prefiri\u00f3 morir con los muslos cosidos a cornadas.<\/p>\n\n\n\n<p>Velaron su cad\u00e1ver en Amurrio y de all\u00ed se lo llevaron a lo eterno, a Ordu\u00f1a, al pie de la Antigua. Al paso del Le\u00f3n de Ordu\u00f1a rugieron los cielos\u2026 Fue un toro de Baltasar Ib\u00e1n. Fue en la Francia toreadora. Fue en junio, cuando en Castilla granan las espigas y en Vizcaya florecen los lirios. Seis a\u00f1os ya&#8230; No recuerdo d\u00f3nde estaba yo el d\u00eda que muri\u00f3 el \u00faltimo de los toreros de hierro, pero bien que le sigo recordando. <em>Agur jaunak!<\/em><\/p>\n","protected":false},"excerpt":{"rendered":"<p>Fue en junio, cuando en Castilla granan las espigas y en Vizcaya florecen los lirios&#8230;<\/p>\n","protected":false},"author":2,"featured_media":1434,"comment_status":"open","ping_status":"open","sticky":false,"template":"","format":"standard","meta":{"_genesis_hide_title":false,"_genesis_hide_breadcrumbs":false,"_genesis_hide_singular_image":false,"_genesis_hide_footer_widgets":false,"_genesis_custom_body_class":"","_genesis_custom_post_class":"","_genesis_layout":""},"categories":[5],"tags":[],"_links":{"self":[{"href":"https:\/\/www.valbuena.es\/index.php?rest_route=\/wp\/v2\/posts\/1433"}],"collection":[{"href":"https:\/\/www.valbuena.es\/index.php?rest_route=\/wp\/v2\/posts"}],"about":[{"href":"https:\/\/www.valbuena.es\/index.php?rest_route=\/wp\/v2\/types\/post"}],"author":[{"embeddable":true,"href":"https:\/\/www.valbuena.es\/index.php?rest_route=\/wp\/v2\/users\/2"}],"replies":[{"embeddable":true,"href":"https:\/\/www.valbuena.es\/index.php?rest_route=%2Fwp%2Fv2%2Fcomments&post=1433"}],"version-history":[{"count":9,"href":"https:\/\/www.valbuena.es\/index.php?rest_route=\/wp\/v2\/posts\/1433\/revisions"}],"predecessor-version":[{"id":1447,"href":"https:\/\/www.valbuena.es\/index.php?rest_route=\/wp\/v2\/posts\/1433\/revisions\/1447"}],"wp:featuredmedia":[{"embeddable":true,"href":"https:\/\/www.valbuena.es\/index.php?rest_route=\/wp\/v2\/media\/1434"}],"wp:attachment":[{"href":"https:\/\/www.valbuena.es\/index.php?rest_route=%2Fwp%2Fv2%2Fmedia&parent=1433"}],"wp:term":[{"taxonomy":"category","embeddable":true,"href":"https:\/\/www.valbuena.es\/index.php?rest_route=%2Fwp%2Fv2%2Fcategories&post=1433"},{"taxonomy":"post_tag","embeddable":true,"href":"https:\/\/www.valbuena.es\/index.php?rest_route=%2Fwp%2Fv2%2Ftags&post=1433"}],"curies":[{"name":"wp","href":"https:\/\/api.w.org\/{rel}","templated":true}]}}