{"id":1415,"date":"2023-06-02T17:50:44","date_gmt":"2023-06-02T17:50:44","guid":{"rendered":"http:\/\/www.valbuena.es\/?p=1415"},"modified":"2023-06-03T08:29:04","modified_gmt":"2023-06-03T08:29:04","slug":"azul-pavo","status":"publish","type":"post","link":"https:\/\/www.valbuena.es\/?p=1415","title":{"rendered":"AZUL PAVO"},"content":{"rendered":"\n<figure class=\"wp-block-image size-large\"><img loading=\"lazy\" width=\"1024\" height=\"683\" src=\"https:\/\/www.valbuena.es\/wp-content\/uploads\/2023\/06\/Dos-1024x683.jpg\" alt=\"\" class=\"wp-image-1416\" srcset=\"https:\/\/www.valbuena.es\/wp-content\/uploads\/2023\/06\/Dos-1024x683.jpg 1024w, https:\/\/www.valbuena.es\/wp-content\/uploads\/2023\/06\/Dos-300x200.jpg 300w, https:\/\/www.valbuena.es\/wp-content\/uploads\/2023\/06\/Dos-768x512.jpg 768w, https:\/\/www.valbuena.es\/wp-content\/uploads\/2023\/06\/Dos.jpg 1170w\" sizes=\"(max-width: 1024px) 100vw, 1024px\" \/><\/figure>\n\n\n\n<p>A un buen amigo le dije que no volver\u00eda a escribir sobre pol\u00edtica en unos meses. Vanas esperanzas las m\u00edas\u2026 La pol\u00edtica tiene mala baba, te atropella sin previo aviso. Tambi\u00e9n en Extremadura, este rinconcito olvidado por casi todos. No quer\u00eda, pero aqu\u00ed estoy de nuevo, atropellado. Tal ha sido, tal est\u00e1 siendo la astracanada, que basta un suspiro para decir Diego donde dije digo. <\/p>\n\n\n\n<p>Vara y Guardiola, Guardiola y Vara, no dejan de sorprendernos. Esos a los que hemos votado los m\u00e1s de los extreme\u00f1os parecen cambiar de opini\u00f3n a cada minuto. Creo que aciertan los que aseguran que son poco m\u00e1s que la voz de su amo y no es precisamente Extremadura su amo. En el batiburrillo pol\u00edtico nacional somos cinco centavitos de nada. No s\u00e9 ustedes, pero eso es lo que yo, m\u00e1s que pensar, lloro.<\/p>\n\n\n\n<p>Empecemos por Vara. Que Dios me perdone por enredar en las vidas ajenas, pero nadie me quita de la cabeza que este hombre no sabe, ni ha sabido nunca, irse. Entre las muchas virtudes que le adornan (que me perdonen ahora los que no le reconocen virtud alguna) no est\u00e1 el don supremo de saber cu\u00e1ndo toca ir a por la espada. Y le van a dar los tres avisos\u2026 Lo acontecido esta semana es una muestra (una m\u00e1s) de esa fea tara. Cuando, casi al borde de las l\u00e1grimas, en un arranque de torer\u00eda, la noche del pasado domingo se desped\u00eda, no se desped\u00eda. Supongo que eso tampoco lo sab\u00eda \u00e9l. No es que mienta, es que no lo sab\u00eda. Casi es peor. Supongo que su muy s\u00fabita resurrecci\u00f3n no es fruto de una sesuda reflexi\u00f3n sino de un mandato urgente. Supongo, aqu\u00ed, en la soledad de mi despacho, que alguien le habr\u00e1 llamado y le habr\u00e1 pedido el favor, y como Vara es como es, no ha sabido negarse. Tampoco voy a entrar a opinar sobre las razones de quien le llam\u00f3, pero s\u00ed, y que Dios me perdone, en las de Vara. A veces, un acto de bondad, cuando resulta indigno para con uno mismo, resulta ser un acto de maldad. A veces, hay que ser capaz de decir no. Al PSOE, con elecciones de por medio o sin ellas, no le va a pasar nada irremediable porque Vara no est\u00e9. En cambio, a Vara s\u00ed. Emborronar la faena con los aceros te condena a perder las orejas. Un mal final arruina cualquier novela.<\/p>\n\n\n\n<p>Y lo de Guardiola\u2026 Reconozco estar aturullado por tanto s\u00ed, no, pero s\u00ed, pero no. Y todo por no dar la cara, por nadar y guardar la ropa. Hoy, a VOX ni agua, ma\u00f1ana, estas elecciones van de bloques\u2026 Entre nosotros, lo que m\u00e1s me ha sorprendido es eso de pedirle al PSOE que se abstenga. Guardiola no deber\u00eda olvidar que en ocasiones se vota en contra de, no a favor de. S\u00e9, porque ella misma lo ha dicho en redes, que no le ha gustado que Alfonso Uss\u00eda titulase \u201cLa rubita extreme\u00f1a\u201d, as\u00ed que, a lo m\u00e1s, me atrever\u00e9 a llamarla \u201cDo\u00f1a Remilgos\u201d. Todo por negar lo que ve un ciego: que si quiere gobernar Extremadura, tendr\u00e1 que pactar con Unidas Podemos, con el PSOE o con VOX. Deber\u00eda ir escogiendo\u2026<\/p>\n\n\n\n<p>En fin, esta tortilla va a necesitar de alg\u00fan huevo roto. Que sea de trigueros la tortilla, porque cuando le oigo a Feij\u00f3o chalanear con Extremadura me descorazono (y me encorajino, qu\u00e9 c\u00f1). Lo que tenga que ser que sea aqu\u00ed. Acertemos o no, que seamos nosotros, los extreme\u00f1os, pobrecitos nosotros, los que decidamos. Que no nos birlen lo que es nuestro. Que el azul del pavo no les ciegue. Pensaba titular \u00abAstracanada Extreme\u00f1a\u00bb, pero titular\u00e9 \u00abAzul Pavo\u00bb, por si los pavos me leyeran. Siento haberte mentido, amigo, siento haber vuelto a escribir sobre pol\u00edtica. Por cierto, magn\u00edficas tortillas de esp\u00e1rragos trigueros las que prepara Antonio Granero\u2026<\/p>\n","protected":false},"excerpt":{"rendered":"<p>En el batiburrillo pol\u00edtico nacional somos cinco centavitos de nada&#8230;<\/p>\n","protected":false},"author":2,"featured_media":1416,"comment_status":"open","ping_status":"open","sticky":false,"template":"","format":"standard","meta":{"_genesis_hide_title":false,"_genesis_hide_breadcrumbs":false,"_genesis_hide_singular_image":false,"_genesis_hide_footer_widgets":false,"_genesis_custom_body_class":"","_genesis_custom_post_class":"","_genesis_layout":""},"categories":[12],"tags":[],"_links":{"self":[{"href":"https:\/\/www.valbuena.es\/index.php?rest_route=\/wp\/v2\/posts\/1415"}],"collection":[{"href":"https:\/\/www.valbuena.es\/index.php?rest_route=\/wp\/v2\/posts"}],"about":[{"href":"https:\/\/www.valbuena.es\/index.php?rest_route=\/wp\/v2\/types\/post"}],"author":[{"embeddable":true,"href":"https:\/\/www.valbuena.es\/index.php?rest_route=\/wp\/v2\/users\/2"}],"replies":[{"embeddable":true,"href":"https:\/\/www.valbuena.es\/index.php?rest_route=%2Fwp%2Fv2%2Fcomments&post=1415"}],"version-history":[{"count":6,"href":"https:\/\/www.valbuena.es\/index.php?rest_route=\/wp\/v2\/posts\/1415\/revisions"}],"predecessor-version":[{"id":1423,"href":"https:\/\/www.valbuena.es\/index.php?rest_route=\/wp\/v2\/posts\/1415\/revisions\/1423"}],"wp:featuredmedia":[{"embeddable":true,"href":"https:\/\/www.valbuena.es\/index.php?rest_route=\/wp\/v2\/media\/1416"}],"wp:attachment":[{"href":"https:\/\/www.valbuena.es\/index.php?rest_route=%2Fwp%2Fv2%2Fmedia&parent=1415"}],"wp:term":[{"taxonomy":"category","embeddable":true,"href":"https:\/\/www.valbuena.es\/index.php?rest_route=%2Fwp%2Fv2%2Fcategories&post=1415"},{"taxonomy":"post_tag","embeddable":true,"href":"https:\/\/www.valbuena.es\/index.php?rest_route=%2Fwp%2Fv2%2Ftags&post=1415"}],"curies":[{"name":"wp","href":"https:\/\/api.w.org\/{rel}","templated":true}]}}