{"id":1334,"date":"2023-03-30T16:57:35","date_gmt":"2023-03-30T16:57:35","guid":{"rendered":"http:\/\/www.valbuena.es\/?p=1334"},"modified":"2023-03-31T07:30:06","modified_gmt":"2023-03-31T07:30:06","slug":"rezare","status":"publish","type":"post","link":"https:\/\/www.valbuena.es\/?p=1334","title":{"rendered":"REZAR\u00c9"},"content":{"rendered":"\n<figure class=\"wp-block-image size-full\"><img loading=\"lazy\" width=\"560\" height=\"820\" src=\"https:\/\/www.valbuena.es\/wp-content\/uploads\/2023\/03\/Silvio-2.jpg\" alt=\"\" class=\"wp-image-1335\" srcset=\"https:\/\/www.valbuena.es\/wp-content\/uploads\/2023\/03\/Silvio-2.jpg 560w, https:\/\/www.valbuena.es\/wp-content\/uploads\/2023\/03\/Silvio-2-205x300.jpg 205w\" sizes=\"(max-width: 560px) 100vw, 560px\" \/><\/figure>\n\n\n\n<p><\/p>\n\n\n\n<p>En ocasiones vuelvo a Silvio. Al hombre cercado de s\u00ed mismo. Al hombre condenado en el trasiego del vivir forzado. Silvio, paradoja desnortada. Silvio, en ocasiones, se me aparece; suele ser por Semana Santa. Viene a m\u00ed, desciende de sus alturas, Silvio el sevillano, y nos vamos juntos al baile.<em>\u201cSure\u00f1os del norte al sur\u2026\u201d <\/em>Envueltos en swing\u2026 Baterista (a lo Ringo), porque andaba mal de voz (y bien de comp\u00e1s). Silvio, solo Silvio; tal y como firmaba su padre las cr\u00f3nicas. Silvio solo. S\u00f3lo Silvio. Silvio de todas mis tristezas\u2026 <em>\u201cTri tri tri tristeza\u2026\u201d<\/em> Y romano. Silvio era hijo de Roma (y de Elvis). Elvis en todos sus altares (y en todos los m\u00edos). Silvio, compadre de Dios. Mas en eso baj\u00f3 a los infiernos\u2026 Solo Silvio (y Luzbel). \u00a1Cuerpo a tierra, que Silvio ha descendido a los infiernos! Tieso, por supuesto. Confinado de s\u00ed mismo, por supuesto. <em>On the rocks<\/em>, por supuesto. Y, por supuesto, atormentado. Con los demonios colgando. Los demonios que nos zapan por dentro; sin m\u00e1s luz que la que de Ella viene\u2026<\/p>\n\n\n\n<p>Y Sevilla qued\u00f3 sola como qued\u00f3 sola \u201c<em>la ragazza del elevatore\u201d<\/em>.No, no nos miran. Ni siquiera cuando las barquitas de remos naufragan a orillas del Guadalquivir. Somos n\u00e1ufragos de tierra adentro. <em>\u201cSua fragancia e m\u00edo sin dinero, cuesta cosa no combina\u201d<\/em>. Colgadito de dos pinzas, caballero y espa\u00f1ol, santo y se\u00f1a para gendarmes de mordisco r\u00e1pido. Rebelde. Tan rebelde como para escribirle un himno al Betis siendo sevillista: <em>\u201cCuando el rey don San Fernando conquist\u00f3 Sevilla ya se pregunt\u00f3 \u00bfd\u00f3nde est\u00e1 mi Betis?\u201d<\/em> Al primer tap\u00f3n, zurrapa. Solemne quinario roquero. \u00a1Silvio, valiente! Valiente como la raspadura del whisky en la garganta de un ni\u00f1o. Valiente desnortado t\u00fa\u2026<\/p>\n\n\n\n<p>Caballero y Silvio. En el silencio de esta noche semanasantera oigo caer del reloj la arena. Y en la arena, una cruz y un cirineo. Silvio suena a tormenta cuando canta. \u00a1Borracho! \u00a1Perro sin due\u00f1o! Tal cual. Silvio tiene el extra\u00f1o poder, poder alado, de despertarme la sangre de las venas. Lo rastreo en internet y me lo inyecto. \u00a1Tela! Ese poder suyo, ese comp\u00e1s suyo&#8230; Todo a comp\u00e1s. Comp\u00e1s para el cante. Comp\u00e1s para cruzar las dos rayas del tercio. Comp\u00e1s para medio respirar, aturdido de vivir, cada primavera que a respirar empieza. Comp\u00e1s, <em>quillo<\/em>, comp\u00e1s. Silvio, procesi\u00f3n de uno\u2026 Cofrad\u00eda del arte a la que pocos son llamados. Y Silvio lo fue. Lo dem\u00e1s es la torrentera de vivir. El co\u00f1ac barato, el co\u00f1ac barato y templado que se bebe como si fuera el vino de las tabernas del G\u00f3lgota. Rimas facilonas como lumis: <em>\u201cvodka con lim\u00f3n, sonrisas con ron\u2026\u201d<\/em> Y, al final de la barra libre, al final de la condena, en la angustia de este valle de l\u00e1grimas, un grito de esperanza: <em>\u201c\u00a1Avanti corazones!\u201d<\/em><\/p>\n\n\n\n<p>Hoy, como ayer, como cada noche que la procesi\u00f3n me va por dentro, he vuelto a escuchar <em>\u201cRezar\u00e9\u201d<\/em>, la saeta que m\u00e1s me hiere\u2026 \u00a1Mar\u00eda envuelta en gracia sevillana! <em>\u201cAhora y siempre, Amargura, te rezar\u00e9\u2026\u201d <\/em>\u00a1Dentro, todos por igual! \u00a1Al comp\u00e1s del costal! Suba al Cielo el eco del martillo\u2026 a morir despacito\u2026 \u00a1<em>Madrug\u00e1<\/em> de agon\u00eda! &nbsp;\u00a1Ya le remachan los clavos a Silvio el nazareno! Y mientras lo clavan va cantando por Celentano: <em>\u201cRezar\u00e9 ante Vos porque al Verbo diste Encarnaci\u00f3n; yo pronuncio tu Dulce Nombre de la O.\u201d <\/em>Toda mi fe cabe en esa canci\u00f3n&#8230; Silvio muriendo, Silvio resucitando\u2026 Incienso y azahar\u2026 \u00a1Ma\u00f1ana La Estrella cruza el puente de Triana, ma\u00f1ana La Amargura sube la cuesta del bacalao! \u00a1Qu\u00e9 ma\u00f1ana tan bonita la ma\u00f1ana hoy! \u00a1S\u00e1bado de Pasi\u00f3n!<em> \u201cAhora y siempre, Esperanza del Amor, eres norte del m\u00edo sur\u2026\u201d<\/em><\/p>\n\n\n\n<p>\u00a1Sanseacab\u00f3! No s\u00e9 en qu\u00e9 orilla andar\u00e1s buscando pelea. Silvio, genio del coraz\u00f3n en trizas, t\u00fa que eres como nosotros, all\u00e1 donde est\u00e9s, reza por nosotros en estas horas en que los muertos quedamos solos\u2026 \u00a1Vamos maestro tras tus pasos! \u00a1A rezar por los bares! \u00a1A bebernos el vino de las tabernas del G\u00f3lgota! \u00a1A bebernos a Dios!<\/p>\n","protected":false},"excerpt":{"rendered":"<p>A Silvio Fern\u00e1ndez Melgarejo (1945-2001).<\/p>\n","protected":false},"author":2,"featured_media":1336,"comment_status":"open","ping_status":"open","sticky":false,"template":"","format":"standard","meta":{"_genesis_hide_title":false,"_genesis_hide_breadcrumbs":false,"_genesis_hide_singular_image":false,"_genesis_hide_footer_widgets":false,"_genesis_custom_body_class":"","_genesis_custom_post_class":"","_genesis_layout":""},"categories":[4],"tags":[],"_links":{"self":[{"href":"https:\/\/www.valbuena.es\/index.php?rest_route=\/wp\/v2\/posts\/1334"}],"collection":[{"href":"https:\/\/www.valbuena.es\/index.php?rest_route=\/wp\/v2\/posts"}],"about":[{"href":"https:\/\/www.valbuena.es\/index.php?rest_route=\/wp\/v2\/types\/post"}],"author":[{"embeddable":true,"href":"https:\/\/www.valbuena.es\/index.php?rest_route=\/wp\/v2\/users\/2"}],"replies":[{"embeddable":true,"href":"https:\/\/www.valbuena.es\/index.php?rest_route=%2Fwp%2Fv2%2Fcomments&post=1334"}],"version-history":[{"count":8,"href":"https:\/\/www.valbuena.es\/index.php?rest_route=\/wp\/v2\/posts\/1334\/revisions"}],"predecessor-version":[{"id":1346,"href":"https:\/\/www.valbuena.es\/index.php?rest_route=\/wp\/v2\/posts\/1334\/revisions\/1346"}],"wp:featuredmedia":[{"embeddable":true,"href":"https:\/\/www.valbuena.es\/index.php?rest_route=\/wp\/v2\/media\/1336"}],"wp:attachment":[{"href":"https:\/\/www.valbuena.es\/index.php?rest_route=%2Fwp%2Fv2%2Fmedia&parent=1334"}],"wp:term":[{"taxonomy":"category","embeddable":true,"href":"https:\/\/www.valbuena.es\/index.php?rest_route=%2Fwp%2Fv2%2Fcategories&post=1334"},{"taxonomy":"post_tag","embeddable":true,"href":"https:\/\/www.valbuena.es\/index.php?rest_route=%2Fwp%2Fv2%2Ftags&post=1334"}],"curies":[{"name":"wp","href":"https:\/\/api.w.org\/{rel}","templated":true}]}}