{"id":1330,"date":"2023-03-24T14:34:19","date_gmt":"2023-03-24T14:34:19","guid":{"rendered":"http:\/\/www.valbuena.es\/?p=1330"},"modified":"2023-03-24T14:52:46","modified_gmt":"2023-03-24T14:52:46","slug":"en-la-puta-vida","status":"publish","type":"post","link":"https:\/\/www.valbuena.es\/?p=1330","title":{"rendered":"EN LA PUTA VIDA"},"content":{"rendered":"\n<figure class=\"wp-block-image size-full\"><img loading=\"lazy\" width=\"624\" height=\"385\" src=\"https:\/\/www.valbuena.es\/wp-content\/uploads\/2023\/03\/Osuna-4.jpg\" alt=\"\" class=\"wp-image-1331\" srcset=\"https:\/\/www.valbuena.es\/wp-content\/uploads\/2023\/03\/Osuna-4.jpg 624w, https:\/\/www.valbuena.es\/wp-content\/uploads\/2023\/03\/Osuna-4-300x185.jpg 300w\" sizes=\"(max-width: 624px) 100vw, 624px\" \/><\/figure>\n\n\n\n<p>Dec\u00eda mi suegra que se enfadan los ladrones y se descubren los robos. M\u00e1s menos. Mi suegra, que en gloria est\u00e9, no daba puntada sin hilo. Ten\u00eda, como Sancho, una panoplia de afilados refranes para cortar trajes a medida. Ahora que no est\u00e1, echo en falta tan magn\u00edficas herramientas. Solo recuerdo algunas; \u00e9sta me ha venido a las mientes al hilo de lo Osuna. Osuna, por si no lo saben, es el muy desenvuelto alcalde de M\u00e9rida. Un malandr\u00edn le ha grabado en conversaci\u00f3n telef\u00f3nica. Breve pero sabrosa. Nadie est\u00e1 libre de semejantes trapacer\u00edas. Cualquier changavainas, aunque sea de tu propio partido, te la puede liar. \u00bfLes he dicho que Osuna es alcalde por el PSOE? Alguno asegura que es fuego amigo. Yo m\u00e1s bien creo que se trata de un tarambana despechado, uno de esos que te asaltan por las calles pidiendo, al amparo de su militancia, favores que son delitos. Pero corrijamos. Ladrones no son -salvo para aquellos a los que les robaron su derecho a trabajar por no ser del PSOE-, pero s\u00ed son tunantes (ambos dos). Comencemos de nuevo. Se enfadan los tunantes y se descubren los embrollos. Tal que as\u00ed, s\u00ed. As\u00ed ha sucedido para bochorno de M\u00e9rida. Lo dem\u00e1s lo pueden o\u00edr.<\/p>\n\n\n\n<p>\u201cTodo el me denuncie, todo el que denuncie al ayuntamiento no va a trabajar m\u00e1s en la puta vida en el ayuntamiento, al menos mientras est\u00e9 el PSOE.\u201d El ayuntamiento es m\u00edo y hasta el PSOE es m\u00edo. Vamos a dejar para la campa\u00f1a electoral eso de estar al servicio del pueblo, vamos a dejar para los m\u00edtines eso del respeto a los derechos de los trabajadores, vamos al pan, al turr\u00f3n, que aqu\u00ed mando yo y al que se mueva lo \u201cafusilo\u201d.<\/p>\n\n\n\n<p>\u201cComo vayamos a juicio el que denuncie al ayuntamiento que se vaya olvidando de entrar aqu\u00ed ni de alguacil\u201d. Es lo que tiene tener las llaves del cortijo y perdonen que recurra a la muy rancia met\u00e1fora del cortijo, pero es lo que sigue habiendo, al menos en M\u00e9rida. En M\u00e9rida, para trabajar en el ayuntamiento, hay que tener aldabas (que se dec\u00eda en tiempos). Para trincar una mamela municipal conviene llamar a la puerta del amo, aunque sea para alguacil (que debe ser, seg\u00fan el alcalde, de lo m\u00e1s vil). Que se mesen las barbas los alguaciles&#8230; y hasta los jueces. Pero no nos perdamos. Sigamos oyendo\u2026<\/p>\n\n\n\n<p>\u201cSe lo he dicho a todos los compa\u00f1eros: les hicimos un favor para trabajar un tiempo.\u201d \u00a1Anda! \u00a1Que en M\u00e9rida hacen \u201cfavores\u201d a los compa\u00f1eros del partido! Eso no lo dijo en la rueda de prensa. Porque Osuna sali\u00f3 en tromba de prensa en cuanto se hizo p\u00fablica la conversaci\u00f3n. En menos que se santigua un cura loco despach\u00f3 mentiras cual mandobles para defender lo indefendible; algo que, a mi juicio, solo sirvi\u00f3 para refrendar su estampa de matoncillo, su prepotencia de se\u00f1orito cortijero (\u00a1vaya otra vez por aqu\u00ed el cortijo!).<\/p>\n\n\n\n<p>\u201cEn fraude de ley est\u00e1 todo el mundo, mucha gente aqu\u00ed. Esc\u00fachame, es que hay mil f\u00f3rmulas, \u00bfvale? Te das de alta como aut\u00f3nomo o a trav\u00e9s de una empresa, se hace un contrato y punto.\u201d Y por si faltara caldo, dos tazas. No solo reconoce que en el ayuntamiento de su recto gobierno (perdonen, es una frase hecha) se practica el fraude de ley, sino que conoce mil f\u00f3rmulas para que siga practicando. Turulato quedo. \u00a1Tela! Hay fraude, lo sabe, y nada. Un t\u00edo con recursos. En concreto, mil. \u201cSe van a gastar el dinero en abogados y da igual porque les voy a despedir\u201d. \u00a1Ole t\u00fa! \u00bfM\u00e9rida o Corea del Norte?<\/p>\n\n\n\n<p>Una vez le le\u00ed a Valle Incl\u00e1n, refiri\u00e9ndose a uno de aquellos amos b\u00e1rbaros y desp\u00f3ticos de sus novelas, que \u201cno hizo lo que conviene, sino lo que convino\u201d; la frase es de una finura excelsa. Pues eso. Las urnas decidir\u00e1n si el tunante debe continuar en el cargo. Y Vara, \u00bfest\u00e1 por ah\u00ed?<\/p>\n","protected":false},"excerpt":{"rendered":"<p>Qu\u00e9 triste que para trabajar en Extremadura haya que ser del partido\u2026<\/p>\n","protected":false},"author":2,"featured_media":1331,"comment_status":"open","ping_status":"open","sticky":false,"template":"","format":"standard","meta":{"_genesis_hide_title":false,"_genesis_hide_breadcrumbs":false,"_genesis_hide_singular_image":false,"_genesis_hide_footer_widgets":false,"_genesis_custom_body_class":"","_genesis_custom_post_class":"","_genesis_layout":""},"categories":[12],"tags":[],"_links":{"self":[{"href":"https:\/\/www.valbuena.es\/index.php?rest_route=\/wp\/v2\/posts\/1330"}],"collection":[{"href":"https:\/\/www.valbuena.es\/index.php?rest_route=\/wp\/v2\/posts"}],"about":[{"href":"https:\/\/www.valbuena.es\/index.php?rest_route=\/wp\/v2\/types\/post"}],"author":[{"embeddable":true,"href":"https:\/\/www.valbuena.es\/index.php?rest_route=\/wp\/v2\/users\/2"}],"replies":[{"embeddable":true,"href":"https:\/\/www.valbuena.es\/index.php?rest_route=%2Fwp%2Fv2%2Fcomments&post=1330"}],"version-history":[{"count":2,"href":"https:\/\/www.valbuena.es\/index.php?rest_route=\/wp\/v2\/posts\/1330\/revisions"}],"predecessor-version":[{"id":1333,"href":"https:\/\/www.valbuena.es\/index.php?rest_route=\/wp\/v2\/posts\/1330\/revisions\/1333"}],"wp:featuredmedia":[{"embeddable":true,"href":"https:\/\/www.valbuena.es\/index.php?rest_route=\/wp\/v2\/media\/1331"}],"wp:attachment":[{"href":"https:\/\/www.valbuena.es\/index.php?rest_route=%2Fwp%2Fv2%2Fmedia&parent=1330"}],"wp:term":[{"taxonomy":"category","embeddable":true,"href":"https:\/\/www.valbuena.es\/index.php?rest_route=%2Fwp%2Fv2%2Fcategories&post=1330"},{"taxonomy":"post_tag","embeddable":true,"href":"https:\/\/www.valbuena.es\/index.php?rest_route=%2Fwp%2Fv2%2Ftags&post=1330"}],"curies":[{"name":"wp","href":"https:\/\/api.w.org\/{rel}","templated":true}]}}