{"id":1321,"date":"2023-03-17T08:24:39","date_gmt":"2023-03-17T08:24:39","guid":{"rendered":"http:\/\/www.valbuena.es\/?p=1321"},"modified":"2023-03-18T09:01:43","modified_gmt":"2023-03-18T09:01:43","slug":"empresarios-a-pesar-de-todo","status":"publish","type":"post","link":"https:\/\/www.valbuena.es\/?p=1321","title":{"rendered":"EMPRESARIOS (A PESAR DE TODO)"},"content":{"rendered":"\n<p><\/p>\n\n\n\n<figure class=\"wp-block-image size-large\"><img loading=\"lazy\" width=\"1024\" height=\"576\" src=\"https:\/\/www.valbuena.es\/wp-content\/uploads\/2023\/03\/Vara-y-la-pala-1024x576.jpg\" alt=\"\" class=\"wp-image-1322\" srcset=\"https:\/\/www.valbuena.es\/wp-content\/uploads\/2023\/03\/Vara-y-la-pala-1024x576.jpg 1024w, https:\/\/www.valbuena.es\/wp-content\/uploads\/2023\/03\/Vara-y-la-pala-300x169.jpg 300w, https:\/\/www.valbuena.es\/wp-content\/uploads\/2023\/03\/Vara-y-la-pala-768x432.jpg 768w, https:\/\/www.valbuena.es\/wp-content\/uploads\/2023\/03\/Vara-y-la-pala.jpg 1200w\" sizes=\"(max-width: 1024px) 100vw, 1024px\" \/><\/figure>\n\n\n\n<p>Despiadados. \u00bfS\u00f3lo el de Mercadona o todos? En general, todos. Para nuestros gobernantes, esa aleaci\u00f3n de escombro pol\u00edtico que nos gobierna, en general, todos. Todos culpables. O, cuando menos, todos sospechosos. Y as\u00ed, lo que siempre ha sido santo y se\u00f1a de marginales, de maleantes y, muy principalmente, de vagos de toda laya, es ahora bandera de los gobernantes que nos golpean. Especialmente a los empresarios.<\/p>\n\n\n\n<p>\u00bfHay empresarios despiadados? No los conozco, pero a buen seguro que alguno habr\u00e1, aqu\u00ed o acull\u00e1. De lo que no estoy tan seguro es que en este gobierno haya gobernante bueno. Por acci\u00f3n o por omisi\u00f3n, todos son, adem\u00e1s de sospechosos, culpables. Y no lo siento por ellos, que ellos sabr\u00e1n, lo siento por nosotros, los gobernados (golpeados). \u201cEn medio del mar el barco se hundi\u00f3, la culpa la tuvo el se\u00f1or capit\u00e1n que se emborrach\u00f3, no siento el barco que se perdi\u00f3, siento el piloto y la tripulaci\u00f3n, pobres marinos, pobres pedazos de coraz\u00f3n que la mar brava se los trag\u00f3\u201d \u00a1Triste habanera la que canto!<\/p>\n\n\n\n<p>El populismo no tiene reparo en emborracharse de la m\u00e1s burda hipocres\u00eda. En la ci\u00e9naga que habita todo vale. Aun as\u00ed, no deja de sorprenderme. Esta semana, por ejemplo. M\u00e1s impuestos. A cascoporro. Por el morro. M\u00e1s cotizaciones sociales que, por si alguno lo ha olvidado, son impuestos al empleo. O sea, menos empleo y m\u00e1s dinero en las arcas p\u00fablicas para gastarlo a lo bobo, porque lo gastan, al menos en parte, en gran parte, a lo bobo. Estos desnutridos que nos gobiernan, se han empe\u00f1ado, al modo comunista, en sembrar votos sembrando deuda, paro, pobreza, racionamientos, imposiciones, prohibiciones y calamidades. Para nosotros y para nuestros nietos. \u00a1Vaya tropa! Abominan de Juan Roig por quedarse y de Rafael del Pino por irse. Al final se ir\u00e1 todo el que pueda irse como se van los muchachos en cuanto terminan sus estudios. Y, los que se quedan, se quedan a pesar del gobierno que hace lo que puede y a\u00fan m\u00e1s por que se vayan.<\/p>\n\n\n\n<p>M\u00e1s o menos lo que pasa en Extremadura. Esta misma semana hemos sabido de iniciativas empresariales que van dando pasos hacia su puesta en marcha. Pasitos que se airean una y otra vez porque el que no tiene otra con su abuela se acuesta. Y bendita sea. Y aqu\u00ed viene la hipocres\u00eda de los bedeles extreme\u00f1os del sanchismo. Ahora s\u00ed, ahora a echar la palada de rigor sobre la primera piedra, a ponerse la medallita, a sacar pecho electoral. Es el momento de preguntarnos si esas empresas vienen a nosotros gracias a ellos o a pesar de ellos. La respuesta es obvia, vienen a pesar de ellos, no gracias a ellos. Vienen a pesar de los impuestos, m\u00e1s altos aqu\u00ed que en otras regiones, vienen a pesar de sus depredadores naturales, vienen a pesar de los peajes y hasta de las puertas giratorias. A pesar de, por supuesto. Otras, simplemente, no vienen.<\/p>\n\n\n\n<p>En fin, yo sigo creyendo que la riqueza de los pueblos la crean los que trabajan (y eso va por los trabajadores, y, en particular, por esos trabajadores que llamamos empresarios). Sigo creyendo que sin empleo no hay pensiones, ni subsidios, ni siquiera funcionarios. El Estado est\u00e1 para llegar donde no llega la libertad de emprender y de trabajar. Para dar amparo a los desahuciados de la justicia, no para convertirnos a todos en sopistas, no para el yo invito, pero t\u00fa pagas. Por ese camino, el del comunismo, solo se va al hambre y a la miseria. Y los empresarios se ir\u00e1n, y tras ellos se ir\u00e1 el empleo, y las arcas p\u00fablicas se llenar\u00e1n de telara\u00f1as, pongamos por caso, sin ser hirientes, como en Cuba. Lo saben hasta en China (a fuerza de pasar hambre).<\/p>\n\n\n\n<p>Y las paladitas, si eso, al socav\u00f3n que separa C\u00e1ceres de Badajoz.<\/p>\n","protected":false},"excerpt":{"rendered":"<p>O donde se habla de sus depredadores&#8230;<\/p>\n","protected":false},"author":2,"featured_media":1322,"comment_status":"open","ping_status":"open","sticky":false,"template":"","format":"standard","meta":{"_genesis_hide_title":false,"_genesis_hide_breadcrumbs":false,"_genesis_hide_singular_image":false,"_genesis_hide_footer_widgets":false,"_genesis_custom_body_class":"","_genesis_custom_post_class":"","_genesis_layout":""},"categories":[12],"tags":[],"_links":{"self":[{"href":"https:\/\/www.valbuena.es\/index.php?rest_route=\/wp\/v2\/posts\/1321"}],"collection":[{"href":"https:\/\/www.valbuena.es\/index.php?rest_route=\/wp\/v2\/posts"}],"about":[{"href":"https:\/\/www.valbuena.es\/index.php?rest_route=\/wp\/v2\/types\/post"}],"author":[{"embeddable":true,"href":"https:\/\/www.valbuena.es\/index.php?rest_route=\/wp\/v2\/users\/2"}],"replies":[{"embeddable":true,"href":"https:\/\/www.valbuena.es\/index.php?rest_route=%2Fwp%2Fv2%2Fcomments&post=1321"}],"version-history":[{"count":3,"href":"https:\/\/www.valbuena.es\/index.php?rest_route=\/wp\/v2\/posts\/1321\/revisions"}],"predecessor-version":[{"id":1325,"href":"https:\/\/www.valbuena.es\/index.php?rest_route=\/wp\/v2\/posts\/1321\/revisions\/1325"}],"wp:featuredmedia":[{"embeddable":true,"href":"https:\/\/www.valbuena.es\/index.php?rest_route=\/wp\/v2\/media\/1322"}],"wp:attachment":[{"href":"https:\/\/www.valbuena.es\/index.php?rest_route=%2Fwp%2Fv2%2Fmedia&parent=1321"}],"wp:term":[{"taxonomy":"category","embeddable":true,"href":"https:\/\/www.valbuena.es\/index.php?rest_route=%2Fwp%2Fv2%2Fcategories&post=1321"},{"taxonomy":"post_tag","embeddable":true,"href":"https:\/\/www.valbuena.es\/index.php?rest_route=%2Fwp%2Fv2%2Ftags&post=1321"}],"curies":[{"name":"wp","href":"https:\/\/api.w.org\/{rel}","templated":true}]}}