{"id":1317,"date":"2023-03-11T05:57:05","date_gmt":"2023-03-11T05:57:05","guid":{"rendered":"http:\/\/www.valbuena.es\/?p=1317"},"modified":"2023-03-11T08:15:53","modified_gmt":"2023-03-11T08:15:53","slug":"el-palomo-cojo","status":"publish","type":"post","link":"https:\/\/www.valbuena.es\/?p=1317","title":{"rendered":"EL PALOMO COJO"},"content":{"rendered":"\n<figure class=\"wp-block-image size-full\"><img loading=\"lazy\" width=\"1024\" height=\"682\" src=\"https:\/\/www.valbuena.es\/wp-content\/uploads\/2023\/03\/Palomo-cojo.jpg\" alt=\"\" class=\"wp-image-1318\" srcset=\"https:\/\/www.valbuena.es\/wp-content\/uploads\/2023\/03\/Palomo-cojo.jpg 1024w, https:\/\/www.valbuena.es\/wp-content\/uploads\/2023\/03\/Palomo-cojo-300x200.jpg 300w, https:\/\/www.valbuena.es\/wp-content\/uploads\/2023\/03\/Palomo-cojo-768x512.jpg 768w\" sizes=\"(max-width: 1024px) 100vw, 1024px\" \/><\/figure>\n\n\n\n<p>Andaba yo sobre mis dos piernas cuando se me cruz\u00f3 un palomo cojo. M\u00e1s que cojo era lo suyo que le faltaba una pata. M\u00e1s o menos como El Tato. No s\u00e9 d\u00f3nde quedar\u00eda. La del Tato acab\u00f3 expuesta en una farmacia hasta que un incendio se llev\u00f3 la farmacia y la pierna. Las palomas, los humanos&#8230; Andaba a saltitos. Las palomas pueden andar con una sola pata. A saltitos. Que yo sepa, los humanos no (o muy malamente). Sent\u00ed pena por la paloma. No pens\u00e9 en mis cong\u00e9neres, solo en aquella paloma. O palomo, que yo solo los distingo cuando se meten en c\u00f3pulas. Casi cojo. M\u00e1s que cojo. A saltitos rid\u00edculos\u2026<\/p>\n\n\n\n<p>Los d\u00edas de mercadillo desayuno en una de las dos mesas que, a resguardo del vaiv\u00e9n humano, se esconden entre el carro del churrero y los cuatro palos de uno que vende vaqueros. Justo enfrente del que vende flores. \u00bfQui\u00e9n no compra una varita de nardos por un euro? Todas las semanas la misma oferta: a un euro la varita de nardos, a otro los narcisos. Los nardos son m\u00e1s humildes, se apa\u00f1an, al llegar a casa, con cualquier vasito. No dan guerra. Son pacifistas. Como mi palomo. Mi paloma, tal vez. Cuando desayuno algo les cae, sean palomas o gorriones. Es, para m\u00ed, un atavismo al que no puedo resistirme. No debe estar del todo bien tirar comida al suelo, aunque sean tan solo migas de pan o laminitas del forro dulce y crujiente del cruas\u00e1n. A pecado tampoco llegar\u00e1&#8230; Comer sin compartir es abominable. Supongo que no debo ser el \u00fanico que padece semejante contractura mental. Pero primero yo y yo el trozo m\u00e1s grande. Lo de siempre.<\/p>\n\n\n\n<p>Unas calles m\u00e1s all\u00e1 tengo visto otro palomo cojo, pero con mu\u00f1\u00f3n; solo ha perdido las garras. Este s\u00ed que en verdad cojea; camina triste con su triste cojera sobre su triste mu\u00f1\u00f3n mientras me busca las migas. Este del mercadillo salta. Y me da m\u00e1s pena a\u00fan. \u00bfDe qu\u00e9 le servir\u00e1n las migas que compartimos? A veces pienso que por una miga en mal sitio se va a dejar pisar por la gente que compra bragas, tomates y zapatillas. Y aceitunas. Y flores.<\/p>\n\n\n\n<p>Tengo entre los m\u00edos un libro que Alberti le dedic\u00f3 a otro que no era yo. Con su paloma. Alberti pintaba palomas de alambre. Hambrientas. Alberti y Carpanta, dos maneras de ver el pollo. Hay gente que abomina de las palomas (y su perenne cagalera). A m\u00ed medio me gustan las palomas. Me entretienen cuando hago escala en los bancos del parque. Y me divierte ver c\u00f3mo se cortejan. De momento, no les bajo el pan del d\u00eda anterior; todo se andar\u00e1. De momento les echo los bigotes tiesos de los churros cuando toca mercadillo.<\/p>\n\n\n\n<p>Le falta una pata. Salta rid\u00edcula por comer lo que otro desprecia. Me da pena.<\/p>\n\n\n\n<p>Un <em>rolser<\/em> rojo adelanta por el interior a un <em>rolser<\/em> azul. As\u00ed es la f\u00f3rmula uno del mercadillo. A volantazos. Hoy he visto fresas blancas. Y un negrito desmontando el tenderete porque le ha dicho el guardia que sin papeles no hay tu t\u00eda; me ha dado pena y le he comprado una carterita de a tres euros para no s\u00e9 qu\u00e9 que no s\u00e9 d\u00f3nde acabar\u00e1. El churrero es medio bobo y el que vende vaqueros de la otra orilla. \u00bfHay algo m\u00e1s bello que un puesto de flores? No lleva ramas de olivo mi palomo cojo, que lleva los bigotes de un churro que le ha dado un ogro. Y pienso en lo perra que es la vida. Y en lo bonitas que son las flores. Y en los nardos. Y en los narcisos. Y en lo buenos que est\u00e1n los churros enterrados en az\u00facar blanca\u2026<\/p>\n\n\n\n<p>Mas en eso la paloma abri\u00f3 sus alas y ech\u00f3 a volar. Y yo me qued\u00e9, como siempre, anclado en tierra. Y me di pena\u2026<\/p>\n","protected":false},"excerpt":{"rendered":"<p>O donde se habla del vuelo de la paloma.<\/p>\n","protected":false},"author":2,"featured_media":1318,"comment_status":"open","ping_status":"open","sticky":false,"template":"","format":"standard","meta":{"_genesis_hide_title":false,"_genesis_hide_breadcrumbs":false,"_genesis_hide_singular_image":false,"_genesis_hide_footer_widgets":false,"_genesis_custom_body_class":"","_genesis_custom_post_class":"","_genesis_layout":""},"categories":[4],"tags":[],"_links":{"self":[{"href":"https:\/\/www.valbuena.es\/index.php?rest_route=\/wp\/v2\/posts\/1317"}],"collection":[{"href":"https:\/\/www.valbuena.es\/index.php?rest_route=\/wp\/v2\/posts"}],"about":[{"href":"https:\/\/www.valbuena.es\/index.php?rest_route=\/wp\/v2\/types\/post"}],"author":[{"embeddable":true,"href":"https:\/\/www.valbuena.es\/index.php?rest_route=\/wp\/v2\/users\/2"}],"replies":[{"embeddable":true,"href":"https:\/\/www.valbuena.es\/index.php?rest_route=%2Fwp%2Fv2%2Fcomments&post=1317"}],"version-history":[{"count":2,"href":"https:\/\/www.valbuena.es\/index.php?rest_route=\/wp\/v2\/posts\/1317\/revisions"}],"predecessor-version":[{"id":1320,"href":"https:\/\/www.valbuena.es\/index.php?rest_route=\/wp\/v2\/posts\/1317\/revisions\/1320"}],"wp:featuredmedia":[{"embeddable":true,"href":"https:\/\/www.valbuena.es\/index.php?rest_route=\/wp\/v2\/media\/1318"}],"wp:attachment":[{"href":"https:\/\/www.valbuena.es\/index.php?rest_route=%2Fwp%2Fv2%2Fmedia&parent=1317"}],"wp:term":[{"taxonomy":"category","embeddable":true,"href":"https:\/\/www.valbuena.es\/index.php?rest_route=%2Fwp%2Fv2%2Fcategories&post=1317"},{"taxonomy":"post_tag","embeddable":true,"href":"https:\/\/www.valbuena.es\/index.php?rest_route=%2Fwp%2Fv2%2Ftags&post=1317"}],"curies":[{"name":"wp","href":"https:\/\/api.w.org\/{rel}","templated":true}]}}