{"id":1306,"date":"2023-03-03T07:53:31","date_gmt":"2023-03-03T07:53:31","guid":{"rendered":"http:\/\/www.valbuena.es\/?p=1306"},"modified":"2023-03-03T20:50:42","modified_gmt":"2023-03-03T20:50:42","slug":"oracion-del-torero","status":"publish","type":"post","link":"https:\/\/www.valbuena.es\/?p=1306","title":{"rendered":"ORACI\u00d3N DEL TORERO"},"content":{"rendered":"\n<figure class=\"wp-block-image size-large\"><img loading=\"lazy\" width=\"1024\" height=\"573\" src=\"https:\/\/www.valbuena.es\/wp-content\/uploads\/2023\/03\/Cruz-Sevilla-1024x573.jpg\" alt=\"\" class=\"wp-image-1307\" srcset=\"https:\/\/www.valbuena.es\/wp-content\/uploads\/2023\/03\/Cruz-Sevilla-1024x573.jpg 1024w, https:\/\/www.valbuena.es\/wp-content\/uploads\/2023\/03\/Cruz-Sevilla-300x168.jpg 300w, https:\/\/www.valbuena.es\/wp-content\/uploads\/2023\/03\/Cruz-Sevilla-768x430.jpg 768w, https:\/\/www.valbuena.es\/wp-content\/uploads\/2023\/03\/Cruz-Sevilla.jpg 1248w\" sizes=\"(max-width: 1024px) 100vw, 1024px\" \/><\/figure>\n\n\n\n<p><\/p>\n\n\n\n<p>Esta tarde los tendidos oliventinos volver\u00e1n a latir. Danzar\u00e1n los corazones encendidos al comp\u00e1s de toros y toreros. La tierra entera abrir\u00e1 sus fauces y nos tragar\u00e1 de vuelta al rito antiguo de la vida y la muerte. Esta tarde, por un momento, al filo de los aceros, el tiempo se detendr\u00e1 en un cruce de caminos.<\/p>\n\n\n\n<p>Ahora que amanece, ante el sol que renace, ante ti rendido, te rezo. Ahora, antes de que se abra la puerta oscura de toriles. Antes de que me restallen dentro los bufidos del toro alado de mis anhelos. Antes de abandonarme a mi suerte. Ahora, antes de entregarme a la liturgia del toro, te rezo. Te rezo a ti, padre del sol y de la buena sombra, a ti, estandarte y gu\u00eda de la andante torer\u00eda. A ti, como cuando era un ni\u00f1o, como cuando mis ilusiones colgaban de una tapia, a ti te pido, para mi coraz\u00f3n, la rabia del potro, y, para mis adentros, hambre y sed de jara, encina y toro.<\/p>\n\n\n\n<p>A ti, padre nuestro de las dehesas, de las ma\u00f1anas de tentadero, de las noches de luna llena\u2026 En la primavera que anuncian tus criaturas, en las majadas del bravo, en los almendros en flor, en el vuelo de las aves, en las claras del d\u00eda\u2026 en la nada absoluta que soy\u2026 a ti te pido perd\u00f3n por la soberbia desaforada de querer ser, entre los hombres, \u00a1torero! \u00a1Torero, ahora y en la hora de mi muerte!<\/p>\n\n\n\n<p>A ti, padre, en la letan\u00eda de los caminos, en la noche cerrada de las carreteras, en el coche en que viajan todas mis ambiciones\u2026 a ti te imploro que me lleves de tu mano, que no tengas en cuenta mis pecados, mira que en el asiento de atr\u00e1s duermen mis sue\u00f1os cansados, mira que, a\u00fan dormidos, te rezan.<\/p>\n\n\n\n<p>A ti, padre, en el rosario de los hoteles, en la soledad del cuarto, en el miedo a despertar, en la angustia de la espera\u2026 a ti te suplico que sea tu rostro lo \u00fanico que vea al abrir los ojos, que sea tu aliento conmigo y que tu compa\u00f1\u00eda temple mi alma en ese trance.<\/p>\n\n\n\n<p>Esta tarde la calle que baja a la plaza estar\u00e1 trenzada de alegr\u00edas. Y habr\u00e1 bulla y habr\u00e1 jarana. Y la gente ser\u00e1 gent\u00edo. Y t\u00fa ser\u00e1s, padre, quien lo quiera, como lo has querido desde que hay feria y hay toros. Feria, fiesta y bulla&#8230; As\u00ed por siempre; y en ellas, padre, pon, tambi\u00e9n por siempre, nuestro pan de cada d\u00eda, el pan de la gente del toro.<\/p>\n\n\n\n<p>Esta tarde, una vez m\u00e1s, estar\u00e1s, Se\u00f1or de los Pasos, varita de nardos, aguard\u00e1ndome en el patio de cuadrillas\u2026 A ti, uno y trino, alfa y omega, ruego que bendigas los hierros y las telas, los capotes y las muletas, los percales y las sedas, los castore\u00f1os y las monteras\u2026 y, si es tu voluntad -y solo si es tu voluntad-, que ahuyentes del aguacero el llanto y detengas del viento las saetas.<\/p>\n\n\n\n<p>Esta tarde, padre, banderas y flores, en la capilla me arrodillar\u00e9 ante ti, y all\u00e1 donde aguarda la luz, all\u00e1 en el tercio, ante los hombres alzado, un minuto antes de olvidar que vivo, en arena cincelar\u00e9 la cruz de tu martirio. Esta tarde, en el burladero de matadores, cuando clarines y timbales me atruenen dentro, cuando descerrajen la puerta oscura de toriles, santificados sean tus quites, venga a nosotros tu mano diestra\u2026 Esta tarde reparte suerte, l\u00edbranos de todo mal, mas si la herida me alcanza -quebranto del oro y la plata- que sea con tu nombre en los labios. Esta tarde deja entornada la puerta grande, que cada uno de mis triunfos cante tu gloria, mas si tu voluntad es otra, dame, en el fracaso, consuelo.<\/p>\n\n\n\n<p>Y ma\u00f1ana, padre, celeste hurac\u00e1n, alt\u00edsimo art\u00edfice del temple, no me niegues -ni ma\u00f1ana ni nunca- el comp\u00e1s de vivir y morir en torero, y vaya mi alma a gozarte en el tiempo detenido de tu eternidad. Ave Mar\u00eda. Gloria. Am\u00e9n.<\/p>\n","protected":false},"excerpt":{"rendered":"<p>A ti, padre nuestro de las dehesas, de las ma\u00f1anas de tentadero, de las noches de luna llena\u2026<\/p>\n","protected":false},"author":2,"featured_media":1308,"comment_status":"open","ping_status":"open","sticky":false,"template":"","format":"standard","meta":{"_genesis_hide_title":false,"_genesis_hide_breadcrumbs":false,"_genesis_hide_singular_image":false,"_genesis_hide_footer_widgets":false,"_genesis_custom_body_class":"","_genesis_custom_post_class":"","_genesis_layout":""},"categories":[5],"tags":[],"_links":{"self":[{"href":"https:\/\/www.valbuena.es\/index.php?rest_route=\/wp\/v2\/posts\/1306"}],"collection":[{"href":"https:\/\/www.valbuena.es\/index.php?rest_route=\/wp\/v2\/posts"}],"about":[{"href":"https:\/\/www.valbuena.es\/index.php?rest_route=\/wp\/v2\/types\/post"}],"author":[{"embeddable":true,"href":"https:\/\/www.valbuena.es\/index.php?rest_route=\/wp\/v2\/users\/2"}],"replies":[{"embeddable":true,"href":"https:\/\/www.valbuena.es\/index.php?rest_route=%2Fwp%2Fv2%2Fcomments&post=1306"}],"version-history":[{"count":7,"href":"https:\/\/www.valbuena.es\/index.php?rest_route=\/wp\/v2\/posts\/1306\/revisions"}],"predecessor-version":[{"id":1316,"href":"https:\/\/www.valbuena.es\/index.php?rest_route=\/wp\/v2\/posts\/1306\/revisions\/1316"}],"wp:featuredmedia":[{"embeddable":true,"href":"https:\/\/www.valbuena.es\/index.php?rest_route=\/wp\/v2\/media\/1308"}],"wp:attachment":[{"href":"https:\/\/www.valbuena.es\/index.php?rest_route=%2Fwp%2Fv2%2Fmedia&parent=1306"}],"wp:term":[{"taxonomy":"category","embeddable":true,"href":"https:\/\/www.valbuena.es\/index.php?rest_route=%2Fwp%2Fv2%2Fcategories&post=1306"},{"taxonomy":"post_tag","embeddable":true,"href":"https:\/\/www.valbuena.es\/index.php?rest_route=%2Fwp%2Fv2%2Ftags&post=1306"}],"curies":[{"name":"wp","href":"https:\/\/api.w.org\/{rel}","templated":true}]}}