{"id":1302,"date":"2023-02-24T17:24:19","date_gmt":"2023-02-24T17:24:19","guid":{"rendered":"http:\/\/www.valbuena.es\/?p=1302"},"modified":"2023-02-24T17:29:43","modified_gmt":"2023-02-24T17:29:43","slug":"el-pagafantas","status":"publish","type":"post","link":"https:\/\/www.valbuena.es\/?p=1302","title":{"rendered":"EL PAGAFANTAS"},"content":{"rendered":"<div class=\"wp-block-image\">\n<figure class=\"aligncenter size-full\"><img loading=\"lazy\" width=\"376\" height=\"642\" src=\"http:\/\/www.valbuena.es\/wp-content\/uploads\/2023\/02\/Vara-0.jpg\" alt=\"\" class=\"wp-image-1303\" srcset=\"https:\/\/www.valbuena.es\/wp-content\/uploads\/2023\/02\/Vara-0.jpg 376w, https:\/\/www.valbuena.es\/wp-content\/uploads\/2023\/02\/Vara-0-176x300.jpg 176w\" sizes=\"(max-width: 376px) 100vw, 376px\" \/><\/figure><\/div>\n\n\n<p>Cuarenta a\u00f1os de estatuto y tal cual. \u00bfTienen un espejo a mano? A los extreme\u00f1os se nos est\u00e1 quedando cara de bobos\u2026 Lo de siempre. Como siempre. Tal como las br\u00fajulas se\u00f1alan el norte. Tal como la tierra gira. As\u00ed, sin que haya fuerza humana que nos libre de la condena. A los extreme\u00f1os, de cuando en cuando, nos atropella un tren. Con y sin estatuto. As\u00ed que menos alharacas.<\/p>\n\n\n\n<p>Ahora resulta que llega Revilla y protesta. Protesta y, en dos d\u00edas de teatrillo, ni uno m\u00e1s, le dan lo que pide y porque no pide m\u00e1s. Y no es que me parezca ni bien ni mal, que me parece mal, es que me recuerda que por ser extreme\u00f1o estoy (sigo) a la puerta del cortijo para recibir al amo&#8230;<\/p>\n\n\n\n<p>Con esto del tren (y los tranv\u00edas) en todas las casas cuecen habas. No hay regi\u00f3n que no se sienta especialmente agraviada por tal o cu\u00e1l motivo. Todas. Ahora que vivo, por hache o por be, de aqu\u00ed para all\u00e1, voy cosechando protestas a un rosario de agravios, a una cantinela triste de promesas incumplidas, a una letan\u00eda de decepciones. En Cantabria, los trenes que no entran en los t\u00faneles; a\u00f1os de retraso y millones de euros perdidos (que pagaremos todos, incluidos los extreme\u00f1os). En Salamanca tienen pesadillas con el tren a Madrid y andan este mes de febrero recogiendo firmas para que no les toreen con las frecuencias que les recortaron durante la pandemia y de las que nunca m\u00e1s se supo. En Murcia, el reci\u00e9n inaugurado AVE a Madrid pasa por Alicante, que viene a ser algo as\u00ed como si el tren entre Badajoz a Madrid pasara por Sevilla. A Bilbao (que es mucho Bilbao) el AVE no llegar\u00e1 antes de 2027 y, de momento, el trenecito que hay es a\u00fan m\u00e1s lento que el extreme\u00f1o. Y ahora, para remate del tomate, entre Alicante y Denia, despu\u00e9s de siete a\u00f1os de obras, resulta que los puentes no soportan el peso de los trenes (tres trenes y tres horas para cien kil\u00f3metros). De traca.<\/p>\n\n\n\n<p>Pero que cuezan habas en todas partes no es lo que me encorajina. Lo que me calienta es la complacencia de nuestras autoridades regionales, las nuestras, las extreme\u00f1as. Y la cara de bobos que se nos queda, una vez m\u00e1s y van cientos. Y la falta de coraje. Y la <em>mindundicia<\/em> en que chapoteamos. Y el silencio de los corderos de nuestros mandamases. Esos mismos mandamases a los que no les falt\u00f3 voluntad ni presupuesto para montar una manifestaci\u00f3n en Madrid. Entonces s\u00ed, ahora no. Entonces s\u00ed porque en Madrid gobernaban los otros, ahora no porque en Madrid gobiernan los m\u00edos. Se acabaron las manifestaciones. Ahora nada. Nada salvo palmas al se\u00f1orito que viene y nos honra con su presencia de guapo. Nada salvo que viene la ministra y nos dice que no hay compensaciones porque una cosa es Cantabria y otra Extremadura.<\/p>\n\n\n\n<p>Y as\u00ed es, efectivamente. Una cosa es Revilla y otra Vara. Vara ha renunciado a la protesta. Lo suyo, dicho en carnavalero, m\u00e1s que dar la murga es ser comparsa. Y, lo nuestro, un mi\u00e9rcoles de ceniza perpetuo. Vamos a suponer que lo lleva dentro. Cada uno es como es y Vara es, m\u00e1s bien, de h\u00e1gase en m\u00ed, se\u00f1or, tu voluntad. Revilla hubiera sido un buen obispo, obispo al modo Don Lope Xim\u00e9nez de Urrea, el arzobispo pirata. Vara se queda en obispo del com\u00fan, cumplido y cauto. Pastor de ovejas. El problema es que no queremos ser ovejas (al menos, no todos). Llevamos a\u00f1os de balidos; nada somos sino balidos de ovejas, pocas y mansas. Cuarenta a\u00f1os de estatuto y seguimos en el furg\u00f3n de cola de casi todo. Y no es que no hayamos mejorado, es que hemos mejorado menos que los otros. Seguimos al limosneo. Y nuestro presidente, de natural apagado, le sigue pagando las fantas al se\u00f1orito sin atisbo de pensamiento cr\u00edtico. Lo lleva dentro.<\/p>\n","protected":false},"excerpt":{"rendered":"<p>Sin atisbo de pensamiento cr\u00edtico&#8230;<\/p>\n","protected":false},"author":2,"featured_media":1305,"comment_status":"open","ping_status":"open","sticky":false,"template":"","format":"standard","meta":{"_genesis_hide_title":false,"_genesis_hide_breadcrumbs":false,"_genesis_hide_singular_image":false,"_genesis_hide_footer_widgets":false,"_genesis_custom_body_class":"","_genesis_custom_post_class":"","_genesis_layout":""},"categories":[4],"tags":[],"_links":{"self":[{"href":"https:\/\/www.valbuena.es\/index.php?rest_route=\/wp\/v2\/posts\/1302"}],"collection":[{"href":"https:\/\/www.valbuena.es\/index.php?rest_route=\/wp\/v2\/posts"}],"about":[{"href":"https:\/\/www.valbuena.es\/index.php?rest_route=\/wp\/v2\/types\/post"}],"author":[{"embeddable":true,"href":"https:\/\/www.valbuena.es\/index.php?rest_route=\/wp\/v2\/users\/2"}],"replies":[{"embeddable":true,"href":"https:\/\/www.valbuena.es\/index.php?rest_route=%2Fwp%2Fv2%2Fcomments&post=1302"}],"version-history":[{"count":1,"href":"https:\/\/www.valbuena.es\/index.php?rest_route=\/wp\/v2\/posts\/1302\/revisions"}],"predecessor-version":[{"id":1304,"href":"https:\/\/www.valbuena.es\/index.php?rest_route=\/wp\/v2\/posts\/1302\/revisions\/1304"}],"wp:featuredmedia":[{"embeddable":true,"href":"https:\/\/www.valbuena.es\/index.php?rest_route=\/wp\/v2\/media\/1305"}],"wp:attachment":[{"href":"https:\/\/www.valbuena.es\/index.php?rest_route=%2Fwp%2Fv2%2Fmedia&parent=1302"}],"wp:term":[{"taxonomy":"category","embeddable":true,"href":"https:\/\/www.valbuena.es\/index.php?rest_route=%2Fwp%2Fv2%2Fcategories&post=1302"},{"taxonomy":"post_tag","embeddable":true,"href":"https:\/\/www.valbuena.es\/index.php?rest_route=%2Fwp%2Fv2%2Ftags&post=1302"}],"curies":[{"name":"wp","href":"https:\/\/api.w.org\/{rel}","templated":true}]}}