{"id":1288,"date":"2023-02-04T07:03:53","date_gmt":"2023-02-04T07:03:53","guid":{"rendered":"http:\/\/www.valbuena.es\/?p=1288"},"modified":"2023-02-04T07:03:53","modified_gmt":"2023-02-04T07:03:53","slug":"violaciones-de-la-logica","status":"publish","type":"post","link":"https:\/\/www.valbuena.es\/?p=1288","title":{"rendered":"VIOLACIONES DE LA L\u00d3GICA"},"content":{"rendered":"\n<figure class=\"wp-block-image size-large\"><img loading=\"lazy\" width=\"1024\" height=\"438\" src=\"http:\/\/www.valbuena.es\/wp-content\/uploads\/2023\/02\/Sanchez-1024x438.jpg\" alt=\"\" class=\"wp-image-1289\" srcset=\"https:\/\/www.valbuena.es\/wp-content\/uploads\/2023\/02\/Sanchez-1024x438.jpg 1024w, https:\/\/www.valbuena.es\/wp-content\/uploads\/2023\/02\/Sanchez-300x128.jpg 300w, https:\/\/www.valbuena.es\/wp-content\/uploads\/2023\/02\/Sanchez-768x329.jpg 768w, https:\/\/www.valbuena.es\/wp-content\/uploads\/2023\/02\/Sanchez.jpg 1280w\" sizes=\"(max-width: 1024px) 100vw, 1024px\" \/><\/figure>\n\n\n\n<p><\/p>\n\n\n\n<p>Les ruego me perdonen. No recuerdo. Quiz\u00e1 antes se torturara la l\u00f3gica con igual sa\u00f1a. O no. No lo recuerdo. Al menos no tengo el recuerdo de sentirme tan perplejo como lo estoy ahora. Por un lado, me alegro, al fin y al cabo, de ah\u00ed se desprende que sigo vivo, por otro me lamento de ver lo que veo. Y es que uno no est\u00e1 para tan severas violaciones de la l\u00f3gica. Quiz\u00e1 la edad. Pongamos por caso: lo del polic\u00eda infiltrado entre delincuentes (y delincuentas) catalanas. Nunca, jam\u00e1s de los jamases, se me habr\u00eda ocurrido siquiera sospechar que Mata Hari violara a sus amantes. En esa creencia he vivido lo que llevo de vida. Al parecer, equivocadamente. Al menos a la luz de cuanto ocurre. No s\u00e9 si re\u00edr o llorar. \u00a1Ocho presuntas violadas! Si se empe\u00f1an acaban condenando a quien yo cre\u00eda meritorio servidor p\u00fablico, y, lo que es peor, convenci\u00e9ndonos al resto de que se tiene bien merecida la condena. Todo es cuesti\u00f3n de paciencia (y saliva).<\/p>\n\n\n\n<p>At\u00f3nito tambi\u00e9n al leer noticias descalabrantes como esa que informa de que en Baleares hay el doble de beneficiarios de las prestaciones por desempleo que desempleados. \u00a1M\u00e1s del doble! Tan at\u00f3nito que pens\u00e9 que deb\u00eda tratarse de un error m\u00e1s o menos interesado en denigrar al gobierno. Pero no. Resulta que es verdad (aunque siga sin entrarme en la cabeza). En Baleares hay poco m\u00e1s de treinta mil parados, pero cobran el paro m\u00e1s de sesenta mil. \u00a1Estupefacto! Y lo que es peor, desencantado. A riesgo de que me tachen de lo que no soy, me pregunto si son fiables las cifras oficiales y yo solo me contesto; de lo que estoy seguro es de que, aqu\u00ed, las violadas son las cifras.<\/p>\n\n\n\n<p>Sorprendido (y desolado) al ver que ministras \u2013tan ayunas de sabidur\u00eda como ah\u00edtas de soberbia- pretenden saber m\u00e1s que los jueces sobre c\u00f3mo aplicar las leyes. Las mismas que nos sorprenden a todos poniendo en la calle a decenas de violadores, las mismas que antes nos convencieron de que el sexo no depende de lo que le cuelga a la campana sino del capricho de la ma\u00f1ana. Las mismas. Y es que cuando hablan, antes de violarla, le dan tormento a toda l\u00f3gica.<\/p>\n\n\n\n<p>Perplejo sobremanera cuando S\u00e1nchez entreg\u00f3, de la noche a la ma\u00f1ana, el S\u00e1hara a Marruecos. Eso s\u00ed que me dej\u00f3 turulato. Y a\u00fan a d\u00eda de hoy, meses despu\u00e9s, sigo intrigado sin saber el motivo de tan radical cambio en la postura de Espa\u00f1a sobre la que fue provincia espa\u00f1ola. Intrigado y ofendido como un saharaui. \u00bfA cambio de qu\u00e9? Porque ni Ceuta ni Melilla se han mencionado en la tan cacareada cumbre (la de la \u201ccobra\u201d). Marruecos calla mientras espera a que las dos manzanas caigan por su propio peso (y aqu\u00ed la gravedad se llama natalidad). Y m\u00e1s perplejo aun cuando veo c\u00f3mo se arrastra el susodicho interfecto y su media tropilla mientras la otra media se tira al monte. Calamitoso.<\/p>\n\n\n\n<p>Y boquiabierto cuando insultan a los empresarios. Porque aunque esto viene de lejos, o\u00edr los insultos en boca de ministros no deja de asombrar a cualquiera que medio respire. Empezaron con Mercadona y ahora le zumban al BBVA. Para nuestros gobernantes hacer rentable una empresa, crear trabajo y generar riqueza es cuasi delictivo. No se contentan con saber que a m\u00e1s beneficios m\u00e1s recaudaci\u00f3n en impuestos (para luego malgastar a su antojo). No, no les basta. Hay que se\u00f1alar al empresario hasta el escarnio. Mancillarlo. As\u00ed hasta que todas las empresas sean ruinosas y los parados se multipliquen. As\u00ed hasta la \u201cpaguita\u201d final, que cuanto m\u00e1s pobres, m\u00e1s nos votan. Pero eso no me sorprende, eso se sabe de siempre. Esa es la \u00fanica verdad de este cuento. La \u00fanica afirmaci\u00f3n de l\u00f3gica aplastante.<\/p>\n","protected":false},"excerpt":{"rendered":"<p>At\u00f3nito, perplejo, estupefacto, sorprendido, pasmado&#8230;<\/p>\n","protected":false},"author":2,"featured_media":1289,"comment_status":"open","ping_status":"open","sticky":false,"template":"","format":"standard","meta":{"_genesis_hide_title":false,"_genesis_hide_breadcrumbs":false,"_genesis_hide_singular_image":false,"_genesis_hide_footer_widgets":false,"_genesis_custom_body_class":"","_genesis_custom_post_class":"","_genesis_layout":""},"categories":[4],"tags":[],"_links":{"self":[{"href":"https:\/\/www.valbuena.es\/index.php?rest_route=\/wp\/v2\/posts\/1288"}],"collection":[{"href":"https:\/\/www.valbuena.es\/index.php?rest_route=\/wp\/v2\/posts"}],"about":[{"href":"https:\/\/www.valbuena.es\/index.php?rest_route=\/wp\/v2\/types\/post"}],"author":[{"embeddable":true,"href":"https:\/\/www.valbuena.es\/index.php?rest_route=\/wp\/v2\/users\/2"}],"replies":[{"embeddable":true,"href":"https:\/\/www.valbuena.es\/index.php?rest_route=%2Fwp%2Fv2%2Fcomments&post=1288"}],"version-history":[{"count":1,"href":"https:\/\/www.valbuena.es\/index.php?rest_route=\/wp\/v2\/posts\/1288\/revisions"}],"predecessor-version":[{"id":1290,"href":"https:\/\/www.valbuena.es\/index.php?rest_route=\/wp\/v2\/posts\/1288\/revisions\/1290"}],"wp:featuredmedia":[{"embeddable":true,"href":"https:\/\/www.valbuena.es\/index.php?rest_route=\/wp\/v2\/media\/1289"}],"wp:attachment":[{"href":"https:\/\/www.valbuena.es\/index.php?rest_route=%2Fwp%2Fv2%2Fmedia&parent=1288"}],"wp:term":[{"taxonomy":"category","embeddable":true,"href":"https:\/\/www.valbuena.es\/index.php?rest_route=%2Fwp%2Fv2%2Fcategories&post=1288"},{"taxonomy":"post_tag","embeddable":true,"href":"https:\/\/www.valbuena.es\/index.php?rest_route=%2Fwp%2Fv2%2Ftags&post=1288"}],"curies":[{"name":"wp","href":"https:\/\/api.w.org\/{rel}","templated":true}]}}