{"id":1277,"date":"2023-01-27T08:46:31","date_gmt":"2023-01-27T08:46:31","guid":{"rendered":"http:\/\/www.valbuena.es\/?p=1277"},"modified":"2023-01-27T21:17:47","modified_gmt":"2023-01-27T21:17:47","slug":"de-la-tina-y-compania","status":"publish","type":"post","link":"https:\/\/www.valbuena.es\/?p=1277","title":{"rendered":"DE LA TI\u00d1A (Y LA COMPA\u00d1\u00cdA)"},"content":{"rendered":"<div class=\"wp-block-image\">\n<figure class=\"aligncenter size-full\"><img loading=\"lazy\" width=\"990\" height=\"660\" src=\"https:\/\/www.valbuena.es\/wp-content\/uploads\/2023\/01\/Compania.jpg\" alt=\"\" class=\"wp-image-1285\" srcset=\"https:\/\/www.valbuena.es\/wp-content\/uploads\/2023\/01\/Compania.jpg 990w, https:\/\/www.valbuena.es\/wp-content\/uploads\/2023\/01\/Compania-300x200.jpg 300w, https:\/\/www.valbuena.es\/wp-content\/uploads\/2023\/01\/Compania-768x512.jpg 768w\" sizes=\"(max-width: 990px) 100vw, 990px\" \/><\/figure><\/div>\n\n\n<p>Hay semanas en que uno, hombre de pocas luces, no sabe muy bien sobre qu\u00e9 escribir. O, al menos, dig\u00e1moslo as\u00ed, hay semanas en que uno no tiene qu\u00e9 opinar. Hay otras en que abunda la mies, pero a uno no le apetece ni escribir ni opinar. Semanas en que a uno todo se le antoja triste. A veces uno se desanima. Es como si el aliento se le pusiera en fuga. No s\u00e9 ustedes.<\/p>\n\n\n\n<p>A principios de semana me indign\u00e9 con los insultos de una ministra, de cuyo nombre no quiero acordarme, contra un empresario al que no conozco y del que solo tengo referencias (buenas). Indecente le llamaba la ministra y yo pens\u00e9 dedicar estas l\u00edneas a la indecente ministra. As\u00ed, a bocajarro, porque tiene tela que los ministros insulten a los empresarios. Y mientras paseaba se me ocurrieron decenas de motivos para calificar de indecente a la ministra\u2026 pero me vine abajo. Me entr\u00f3 un siroco de no s\u00e9 muy bien qu\u00e9 y se me hizo cuesta arriba mancharme las manos con tanta basura. Prometo, eso s\u00ed, dedicar, a no mucho tardar, una columna a honrar a los empresarios. Pero sobre la ministra lerda, indecente y algo tarumba mejor callar (de momento). Lerda, indecente, algo tarumba y ti\u00f1osa (en su segunda acepci\u00f3n: escasa, miserable y ruin). Esa es otra, ha vuelto la ti\u00f1a.<\/p>\n\n\n\n<p>No sab\u00eda de ella desde all\u00e1 la noche de los tiempos (o sea, cuando se dec\u00eda ti\u00f1osos a los gualtrapas con carga extra de abandono). La ti\u00f1a, y hasta la lepra, las ten\u00eda por idas. Al menos de esta Espa\u00f1a m\u00eda. Pero ha vuelto la ti\u00f1a. Como una plaga b\u00edblica. Esta misma semana me cruc\u00e9 con un ti\u00f1oso y, as\u00ed, vista de frente, es una aver\u00eda catastr\u00f3fica (al menos a los ojos). Y no s\u00e9 muy bien el porqu\u00e9, pero se me vino a las mientes, en tropel, la sarna, los hospicios y hasta el Lazarillo de Tormes. Hambre y piojos que dice \u201cun mi vecino\u201d. As\u00ed que, por razones sanitarias, indult\u00e9 a la ministra del escarnio de las banderillas negras.<\/p>\n\n\n\n<p>Y no ten\u00eda por qu\u00e9. Porque al d\u00eda siguiente leo que cierto partido (o sea, el suyo) pide que se expulse de la programaci\u00f3n de la televisi\u00f3n p\u00fablica toda informaci\u00f3n sobre los toros y la caza. Otra muestra m\u00e1s de c\u00f3mo entiende esta gente el respeto. En estas estaba cuando, hablando de respeto, me atropella lo de Complutense. Otra. \u00bfNo me negar\u00e1n que el asunto tiene miga (y hasta gorgojos)? M\u00e1s insultos, m\u00e1s voceras, m\u00e1s bobos de baba y, lo que es peor, todos <em>okupando<\/em> la Universidad (o lo que queda de ella). Se merec\u00edan una columna a dos tintas. O mejor, a dos manos. A manos llenas. Es como si la ti\u00f1a se les hubiera metido dentro (dentro de las meninges). Pero estoy sin ganas. Como Vara, que no quiere debatir con Guardiola.<\/p>\n\n\n\n<p>Esa es otra. Dice Vara que no debate con Guardiola porque Guardiola no tiene argumentos. Y me siento. Y lo leo dos veces. Y Vara pone cara de ajo. Porque Vara es de mucho poner cara de ajo (si ustedes, como yo, algunas ma\u00f1anas son baristas, pueden probar a decir que tiene cara de serena introspecci\u00f3n conforme la alta dignidad del cargo que ocupa). A Guardiola no la conozco, pero r\u00ede m\u00e1s que todo el gobierno de Vara junto; porque mira que se r\u00ede poco el gobierno de Vara. No s\u00e9 cu\u00e1l tiene m\u00e1s cara de palo. Y de ajo. \u00bfPilar Blanco? \u00bfHan visto ustedes sonre\u00edr alguna vez a Pilar Blanco? \u00bfA Vergeles? \u00bfA la del campo? Poco o nada. Los escoger\u00e1n por tristes. Tampoco es delito ser triste (que te escojan por triste pudiera serlo). Dice Vara que \u00e9l est\u00e1 a lo suyo y que no tiene nada que debatir con Guardiola. Y hace bien, <em>coile<\/em>. Yo tambi\u00e9n estoy triste. Yo tampoco estoy para escribir\/opinar sobre chorras (por graves que sean sus chorradas). Y que me perdone la ministra.<\/p>\n","protected":false},"excerpt":{"rendered":"<p>Es como si la ti\u00f1a se les hubiera metido dentro (dentro de las meninges).<\/p>\n","protected":false},"author":2,"featured_media":1284,"comment_status":"open","ping_status":"open","sticky":false,"template":"","format":"standard","meta":{"_genesis_hide_title":false,"_genesis_hide_breadcrumbs":false,"_genesis_hide_singular_image":false,"_genesis_hide_footer_widgets":false,"_genesis_custom_body_class":"","_genesis_custom_post_class":"","_genesis_layout":""},"categories":[4],"tags":[],"_links":{"self":[{"href":"https:\/\/www.valbuena.es\/index.php?rest_route=\/wp\/v2\/posts\/1277"}],"collection":[{"href":"https:\/\/www.valbuena.es\/index.php?rest_route=\/wp\/v2\/posts"}],"about":[{"href":"https:\/\/www.valbuena.es\/index.php?rest_route=\/wp\/v2\/types\/post"}],"author":[{"embeddable":true,"href":"https:\/\/www.valbuena.es\/index.php?rest_route=\/wp\/v2\/users\/2"}],"replies":[{"embeddable":true,"href":"https:\/\/www.valbuena.es\/index.php?rest_route=%2Fwp%2Fv2%2Fcomments&post=1277"}],"version-history":[{"count":4,"href":"https:\/\/www.valbuena.es\/index.php?rest_route=\/wp\/v2\/posts\/1277\/revisions"}],"predecessor-version":[{"id":1287,"href":"https:\/\/www.valbuena.es\/index.php?rest_route=\/wp\/v2\/posts\/1277\/revisions\/1287"}],"wp:featuredmedia":[{"embeddable":true,"href":"https:\/\/www.valbuena.es\/index.php?rest_route=\/wp\/v2\/media\/1284"}],"wp:attachment":[{"href":"https:\/\/www.valbuena.es\/index.php?rest_route=%2Fwp%2Fv2%2Fmedia&parent=1277"}],"wp:term":[{"taxonomy":"category","embeddable":true,"href":"https:\/\/www.valbuena.es\/index.php?rest_route=%2Fwp%2Fv2%2Fcategories&post=1277"},{"taxonomy":"post_tag","embeddable":true,"href":"https:\/\/www.valbuena.es\/index.php?rest_route=%2Fwp%2Fv2%2Ftags&post=1277"}],"curies":[{"name":"wp","href":"https:\/\/api.w.org\/{rel}","templated":true}]}}