{"id":1271,"date":"2023-01-20T12:54:54","date_gmt":"2023-01-20T12:54:54","guid":{"rendered":"http:\/\/www.valbuena.es\/?p=1271"},"modified":"2023-01-21T06:30:12","modified_gmt":"2023-01-21T06:30:12","slug":"anuncios-bajo-sospecha","status":"publish","type":"post","link":"https:\/\/www.valbuena.es\/?p=1271","title":{"rendered":"ANUNCIOS BAJO SOSPECHA"},"content":{"rendered":"\n<figure class=\"wp-block-image size-full\"><img loading=\"lazy\" width=\"800\" height=\"598\" src=\"https:\/\/www.valbuena.es\/wp-content\/uploads\/2023\/01\/Avion-de-papel.jpg\" alt=\"\" class=\"wp-image-1272\" srcset=\"https:\/\/www.valbuena.es\/wp-content\/uploads\/2023\/01\/Avion-de-papel.jpg 800w, https:\/\/www.valbuena.es\/wp-content\/uploads\/2023\/01\/Avion-de-papel-300x224.jpg 300w, https:\/\/www.valbuena.es\/wp-content\/uploads\/2023\/01\/Avion-de-papel-768x574.jpg 768w\" sizes=\"(max-width: 800px) 100vw, 800px\" \/><\/figure>\n\n\n\n<p><\/p>\n\n\n\n<p>Ma\u00f1ana una amiga va de Badajoz a C\u00e1ceres. Gracias a la Junta de Extremadura y a la Delegaci\u00f3n del Gobierno -no s\u00e9 a cu\u00e1l estar m\u00e1s agradecido- podr\u00e1 estrenar el camino de cabras que salva el socav\u00f3n de cuando las lluvias de hace m\u00e1s de un mes. \u00a1Aplaudan! \u00a1Canten! \u00a1Qu\u00e9 buenos son los padres socialistas que nos llevan de excursi\u00f3n! Y, en estas, la madre superiora anuncia que Mr Marshall (y Madame de Pompadour) vendr\u00e1n a Extremadura en vuelo regular \u00a1Que no falte de nada! \u00a1Que anunciar sale de balde!<\/p>\n\n\n\n<p>Lo triste es que con los a\u00f1os uno va perdiendo la credulidad (y hasta la ilusi\u00f3n). Esto ya se lo o\u00edmos contar a Vara en 2018. Resulta que seg\u00fan informa COPE -que debe tener tiempo y ganas adem\u00e1s de memoria- fue tambi\u00e9n en FITUR y con las mismas palabras. No recuerdo si en aquella ocasi\u00f3n me lo cre\u00ed, pero ahora va a ser que no. Ya se lo he dicho, con los a\u00f1os me va mermando la credulidad. Primero, porque el gato escaldado del agua huye y, segundo, porque si no somos capaces de hacer rentables los vuelos a Madrid mucho me temo que no haya manera de hacer rentables los vuelos a Roma. Nuestros pol\u00edticos, en sus elucubraciones, sue\u00f1an con que las empresas privadas vengan a perder dinero en Extremadura, y si no vienen, como buenos socialistas, ya encontrar\u00e1n ni\u00f1os que lo paguen (ya saben que en las filas socialistas est\u00e1 muy extendida la idea de que el dinero de todos no es de nadie). En fin, no est\u00e1 el horno para trolas. Y menos para trolas en conserva cosecha del 18. Este enorme geri\u00e1trico que va camino de ser Extremadura (si no lo es ya) no est\u00e1 para muchos vuelos. Y si se trata de traer forasteros, no s\u00e9 yo\u2026 A m\u00ed esto me suena a lo de aquel suced\u00e1neo de aeropuerto que se iba a construir en C\u00e1ceres y del que nunca m\u00e1s se supo. Y me recuerda que el aeropuerto de Badajoz en cuanto hay niebla se queda sin alas. A uno le han enga\u00f1ado tantas veces que ya no cuela.<\/p>\n\n\n\n<p>M\u00e1s incr\u00e9dulos, pero tambi\u00e9n m\u00e1s indulgentes. Supongo que el comandante, despu\u00e9s de tantos a\u00f1os en la cabina, no sabe ya qu\u00e9 contar al pasaje. Y m\u00e1s en a\u00f1o electoral. El comandante y la tropa, porque el correveidile de turno, ya encendido, detall\u00f3 los pormenores con una extra\u00f1a parrafada a lo Mariano Ozores. Esto de los adl\u00e1teres tambi\u00e9n da que pensar, \u00bfno ser\u00eda mejor que las cosas de comer estuvieran en manos de personas capacitadas y no del pelotari de turno? Digo yo, pero, dicho sea, recuerden, con raci\u00f3n extra de indulgencia, que todos tenemos que comer (y el pelotari tambi\u00e9n).<\/p>\n\n\n\n<p>Puede ser que el manual b\u00e1sico para el mantenimiento en el poder incluya anuncios a tutipl\u00e9n en a\u00f1o electoral. Luego habr\u00e1 forofos que lo aplaudan y cr\u00e9dulos que se lo traguen, por supuesto. A veces pienso que, en Extremadura, de tanto estar secuestrados, sufrimos el s\u00edndrome de Estocolmo. Por cierto, Estocolmo, una de esas capitales desde la que podr\u00edan llegar vuelos a Extremadura de aqu\u00ed a nada. O no. Si es que no, si no llegan, casi mejor, as\u00ed dentro de otros cuatro a\u00f1os podr\u00e1n anunciarlo de nuevo (y nosotros criticarlo). No s\u00e9 yo si alg\u00fan d\u00eda el vuelo acrob\u00e1tico de los anuncios y las promesas entrar\u00e1 en barrena\u2026 En fin, vienen turbulencias electorales, de estas habr\u00e1 muchas. De hecho, esta misma semana Vara ha anunciado que en 2030 estar\u00e1n en funcionamiento las tuber\u00edas del hidr\u00f3geno verde. \u00a1Anda! Extremadura a velocidad de crucero (salvo si de lo que se trata es de ir de Badajoz a C\u00e1ceres por carretera). Ayer, de momento, inauguraron un sem\u00e1foro, eso s\u00ed, en 2030, tubos de hidr\u00f3geno (verde, por supuesto). No s\u00e9 si para entonces estar\u00e9 vivo, ni cuantas almas quedar\u00e1n a bordo de esta aeronave verde, blanca y negra.<\/p>\n","protected":false},"excerpt":{"rendered":"<p>\u00a1Habr\u00e1 forofos que aplaudan y cr\u00e9dulos que traguen!<\/p>\n","protected":false},"author":2,"featured_media":1272,"comment_status":"open","ping_status":"open","sticky":false,"template":"","format":"standard","meta":{"_genesis_hide_title":false,"_genesis_hide_breadcrumbs":false,"_genesis_hide_singular_image":false,"_genesis_hide_footer_widgets":false,"_genesis_custom_body_class":"","_genesis_custom_post_class":"","_genesis_layout":""},"categories":[4],"tags":[],"_links":{"self":[{"href":"https:\/\/www.valbuena.es\/index.php?rest_route=\/wp\/v2\/posts\/1271"}],"collection":[{"href":"https:\/\/www.valbuena.es\/index.php?rest_route=\/wp\/v2\/posts"}],"about":[{"href":"https:\/\/www.valbuena.es\/index.php?rest_route=\/wp\/v2\/types\/post"}],"author":[{"embeddable":true,"href":"https:\/\/www.valbuena.es\/index.php?rest_route=\/wp\/v2\/users\/2"}],"replies":[{"embeddable":true,"href":"https:\/\/www.valbuena.es\/index.php?rest_route=%2Fwp%2Fv2%2Fcomments&post=1271"}],"version-history":[{"count":3,"href":"https:\/\/www.valbuena.es\/index.php?rest_route=\/wp\/v2\/posts\/1271\/revisions"}],"predecessor-version":[{"id":1276,"href":"https:\/\/www.valbuena.es\/index.php?rest_route=\/wp\/v2\/posts\/1271\/revisions\/1276"}],"wp:featuredmedia":[{"embeddable":true,"href":"https:\/\/www.valbuena.es\/index.php?rest_route=\/wp\/v2\/media\/1272"}],"wp:attachment":[{"href":"https:\/\/www.valbuena.es\/index.php?rest_route=%2Fwp%2Fv2%2Fmedia&parent=1271"}],"wp:term":[{"taxonomy":"category","embeddable":true,"href":"https:\/\/www.valbuena.es\/index.php?rest_route=%2Fwp%2Fv2%2Fcategories&post=1271"},{"taxonomy":"post_tag","embeddable":true,"href":"https:\/\/www.valbuena.es\/index.php?rest_route=%2Fwp%2Fv2%2Ftags&post=1271"}],"curies":[{"name":"wp","href":"https:\/\/api.w.org\/{rel}","templated":true}]}}