{"id":1267,"date":"2023-01-13T12:50:26","date_gmt":"2023-01-13T12:50:26","guid":{"rendered":"http:\/\/www.valbuena.es\/?p=1267"},"modified":"2023-01-20T12:59:11","modified_gmt":"2023-01-20T12:59:11","slug":"de-que-presumen","status":"publish","type":"post","link":"https:\/\/www.valbuena.es\/?p=1267","title":{"rendered":"\u00bfDE QU\u00c9 PRESUMEN?"},"content":{"rendered":"\n<figure class=\"wp-block-image size-full\"><img loading=\"lazy\" width=\"700\" height=\"420\" src=\"http:\/\/www.valbuena.es\/wp-content\/uploads\/2023\/01\/Pedro-Sanchez-2.jpg\" alt=\"\" class=\"wp-image-1268\" srcset=\"https:\/\/www.valbuena.es\/wp-content\/uploads\/2023\/01\/Pedro-Sanchez-2.jpg 700w, https:\/\/www.valbuena.es\/wp-content\/uploads\/2023\/01\/Pedro-Sanchez-2-300x180.jpg 300w\" sizes=\"(max-width: 700px) 100vw, 700px\" \/><\/figure>\n\n\n\n<p><\/p>\n\n\n\n<p>La semana pasada les habl\u00e9, ciertamente desalentado, del asalto al poder judicial. Asalto perpetrado, como viene siendo ya costumbre, sin disimulo ni arrepentimiento. Ya saben ustedes de qu\u00e9 va el cuento, de pol\u00edticos que nombran a los jueces que han de juzgarlos. A ellos y, lo que es m\u00e1s grave, tambi\u00e9n la constitucionalidad de las leyes por ellos aprobadas. Para escarnio de la justicia y la libertad, a d\u00eda de hoy, pol\u00edticos de partido sientan sus reales en el constitucional. Y hasta lo presiden. Tristes destinos los suyos\u2026<\/p>\n\n\n\n<p>Para tapar este y otros desafueros, el gobierno ha puesto el foco en la econom\u00eda. Pero si en lo pol\u00edtico la situaci\u00f3n es grave, no lo es menos en lo econ\u00f3mico; as\u00ed que leo con indignaci\u00f3n las manifestaciones de nuestros gobernantes. Que los ministros repitan consignas cual papagayos, a estas alturas, no sorprende a nadie, pero que el que pare las consignas tenga tanta desfachatez, al menos a m\u00ed, me sigue pasmando. No, la econom\u00eda no va bien. Los datos son incontestables por muy r\u00e1pido que el trilero mueva los cubiletes. Vayamos por partes que esta enga\u00f1ifa son muchas enga\u00f1ifas a la vez. Por ejemplo, el paro. No, no baja el paro, se trucan las estad\u00edsticas. El gobierno utiliza artificios estad\u00edsticos que sonrojar\u00edan a Jos\u00e9 F\u00e9lix Tezanos (comprender\u00e1n que exagero, y mucho, porque a este elemento no le sacan los colores ni as\u00ed lo asen). \u00bfC\u00f3mo es posible que descienda el paro y a la vez aumenten las derramas por desempleo? Porque mienten. Dicen desconocer cu\u00e1ntos empleados -empleados seg\u00fan ellos- cobran prestaciones por desempleo. \u00bfEn manos de qui\u00e9nes estamos? Para Yolanda D\u00edaz y su papo cobrar el paro no es estar parado. Eso se parece mucho a mentir. La ministra de desempleo dice desconocer las cifras, pero, seg\u00fan estimaciones fiables, los fijos discontinuos podr\u00edan estar en torno a medio mill\u00f3n. Sumen a los fijos discontinuos en paro, los que a\u00fan andan metidos en ertes, los demandantes de empleo con \u201cdisponibilidad limita\u201d y hasta los parados que est\u00e1n haciendo cursos de esto y de lo otro, sumen y ver\u00e1n por d\u00f3nde anda en realidad el paro en Espa\u00f1a. Esta mujer ha conseguido, barre que te barre, esconder un mill\u00f3n de parados bajo las alfombras del ministerio. Un mill\u00f3n de parados ocultos o, mejor dicho, ocultados. El paro real es muy superior al oficial del que tanto presume el gobierno, pero, aun as\u00ed, despu\u00e9s de tanto maquillaje, Espa\u00f1a sigue teniendo la mayor tasa de paro de Europa (m\u00e1s que Grecia) y hasta de la OCDE (m\u00e1s que Colombia). \u00a1Campeones! As\u00ed, entre nosotros, cuatro veces el paro registrado (espero que con menos trampas) en Alemania. Y, para m\u00e1s inri -que ya es inri- uno de cada tres j\u00f3venes en edad de trabajar est\u00e1 en paro. Exactamente, \u00bfde qu\u00e9 presumen?<\/p>\n\n\n\n<p>De esto y todo lo dem\u00e1s. Sin disimulo ni arrepentimiento. \u00bfNo les averg\u00fcenza que Espa\u00f1a sea la econom\u00eda europea m\u00e1s retrasada en la tarea de recuperar la riqueza anterior a la epidemia? \u00bfNo les abochorna que Espa\u00f1a sea el pa\u00eds europeo que m\u00e1s ha aumentado su endeudamiento en los \u00faltimos a\u00f1os? \u00bfNo les sonroja que Espa\u00f1a cabalgue a lomos de un d\u00e9ficit desbocado? Exactamente, \u00bfde qu\u00e9 presumen?<\/p>\n\n\n\n<p>De esto y todo lo dem\u00e1s. Sin disimulo ni arrepentimiento. La inversi\u00f3n extranjera se ha desplomado desde que Pedro S\u00e1nchez es presidente. En el \u00faltimo a\u00f1o nuestras calles han visto c\u00f3mo cerraban veinte mil comercios. De la inflaci\u00f3n, pavorosa como un incendio pavoroso, qu\u00e9 les digo que no sepan. \u00bfNo les sofocan las estad\u00edsticas de la pobreza? \u00bfNo se les cae la cara de verg\u00fcenza cuando el esfuerzo fiscal de los espa\u00f1oles es ya m\u00e1s de un cincuenta por ciento superior a la media europea? \u00bfNo les ruboriza haber creado o aumentado m\u00e1s de cincuenta impuestos? \u00bfNo se arrepienten de esquilmar con sa\u00f1a a los espa\u00f1oles cuando cada d\u00eda son m\u00e1s pobres? Exactamente, \u00bfde qu\u00e9 presumen? \u00bfDel paro, de la inflaci\u00f3n, de la deuda? Exactamente, \u00bfde qu\u00e9 o de qui\u00e9n se r\u00eden?<\/p>\n","protected":false},"excerpt":{"rendered":"<p>Las mentiras del gobierno, seguimos para bingo&#8230;<\/p>\n","protected":false},"author":2,"featured_media":1270,"comment_status":"open","ping_status":"open","sticky":false,"template":"","format":"standard","meta":{"_genesis_hide_title":false,"_genesis_hide_breadcrumbs":false,"_genesis_hide_singular_image":false,"_genesis_hide_footer_widgets":false,"_genesis_custom_body_class":"","_genesis_custom_post_class":"","_genesis_layout":""},"categories":[4],"tags":[],"_links":{"self":[{"href":"https:\/\/www.valbuena.es\/index.php?rest_route=\/wp\/v2\/posts\/1267"}],"collection":[{"href":"https:\/\/www.valbuena.es\/index.php?rest_route=\/wp\/v2\/posts"}],"about":[{"href":"https:\/\/www.valbuena.es\/index.php?rest_route=\/wp\/v2\/types\/post"}],"author":[{"embeddable":true,"href":"https:\/\/www.valbuena.es\/index.php?rest_route=\/wp\/v2\/users\/2"}],"replies":[{"embeddable":true,"href":"https:\/\/www.valbuena.es\/index.php?rest_route=%2Fwp%2Fv2%2Fcomments&post=1267"}],"version-history":[{"count":2,"href":"https:\/\/www.valbuena.es\/index.php?rest_route=\/wp\/v2\/posts\/1267\/revisions"}],"predecessor-version":[{"id":1274,"href":"https:\/\/www.valbuena.es\/index.php?rest_route=\/wp\/v2\/posts\/1267\/revisions\/1274"}],"wp:featuredmedia":[{"embeddable":true,"href":"https:\/\/www.valbuena.es\/index.php?rest_route=\/wp\/v2\/media\/1270"}],"wp:attachment":[{"href":"https:\/\/www.valbuena.es\/index.php?rest_route=%2Fwp%2Fv2%2Fmedia&parent=1267"}],"wp:term":[{"taxonomy":"category","embeddable":true,"href":"https:\/\/www.valbuena.es\/index.php?rest_route=%2Fwp%2Fv2%2Fcategories&post=1267"},{"taxonomy":"post_tag","embeddable":true,"href":"https:\/\/www.valbuena.es\/index.php?rest_route=%2Fwp%2Fv2%2Ftags&post=1267"}],"curies":[{"name":"wp","href":"https:\/\/api.w.org\/{rel}","templated":true}]}}