{"id":1244,"date":"2023-01-01T09:18:14","date_gmt":"2023-01-01T09:18:14","guid":{"rendered":"http:\/\/www.valbuena.es\/?p=1244"},"modified":"2023-01-01T09:21:11","modified_gmt":"2023-01-01T09:21:11","slug":"sol-de-invierno","status":"publish","type":"post","link":"https:\/\/www.valbuena.es\/?p=1244","title":{"rendered":"SOL DE INVIERNO"},"content":{"rendered":"\n<figure class=\"wp-block-image size-large\"><img loading=\"lazy\" width=\"768\" height=\"1024\" src=\"http:\/\/www.valbuena.es\/wp-content\/uploads\/2023\/01\/La-Seca-2-768x1024.jpg\" alt=\"\" class=\"wp-image-1245\" srcset=\"https:\/\/www.valbuena.es\/wp-content\/uploads\/2023\/01\/La-Seca-2-768x1024.jpg 768w, https:\/\/www.valbuena.es\/wp-content\/uploads\/2023\/01\/La-Seca-2-225x300.jpg 225w, https:\/\/www.valbuena.es\/wp-content\/uploads\/2023\/01\/La-Seca-2-1152x1536.jpg 1152w, https:\/\/www.valbuena.es\/wp-content\/uploads\/2023\/01\/La-Seca-2.jpg 1536w\" sizes=\"(max-width: 768px) 100vw, 768px\" \/><\/figure>\n\n\n\n<p><\/p>\n\n\n\n<p>Cara al sol del invierno, entre encinas, mientras oigo el Oratorio de Navidad de Juan Sebasti\u00e1n Bach\u2026 En estas circunstancias, el acto sangu\u00edneo de vivir se me antoja tibio y bello. Aunque ya me hago a la idea de que no siempre y, por supuesto, no a todos, se les antojara tal. Y motivos no les faltan. No hay manera de ser optimista; aqu\u00ed, en cuanto respiras, te atropella un tren. El tren que no pasa, que ya tiene m\u00e9rito que te atropelle. Extremadura, por ejemplo. Espa\u00f1a. Espa\u00f1a como problema siempre irresoluto. Cuando era joven, pese a tener algunas nociones de lo mil veces ocurrido, confiaba en que Espa\u00f1a tuviera arreglo (o, al menos, mejora). Y ya casi que no.<\/p>\n\n\n\n<p>En particular, Extremadura. Extremadura, la nuestra. La callada. Extremadura, a la cola de todo. Esa a la que se le han partido las venas entre C\u00e1ceres y Badajoz y ah\u00ed sigue el cad\u00e1ver. Leo que ya han llegado las asistencias (enti\u00e9ndase, las m\u00e1quinas). \u00bfDiez, doce d\u00edas despu\u00e9s? Barrunto que el asunto no debe ser especialmente importante para quienes nos gobiernan. Supongo que la urgencia la determina el n\u00famero de veh\u00edculos que circulan por la v\u00eda. En Extremadura somos pocos hasta para protestar. Y as\u00ed seguimos, con el coraz\u00f3n partido entre La Roca y La Puebla. Y callados, callados de Piornal a Tentud\u00eda.<\/p>\n\n\n\n<p>Extremadura debe tener alguna tara para que su madre, Espa\u00f1a, la tenga a sopas de paguita y voto cautivo (cautivo del miedo a perderlas). Que no somos catalanes es bien sabido. Sin serlo, no somos menos. Extremadura tiene un gobierno pocho. Pocho para pedir. No parecen mala gente, pero les lucen poco las luces (y los esfuerzos). Andan a la orden de us\u00eda. Y as\u00ed nos va. Sin un solo gesto de rabia, sin aliento propio. En estas circunstancias, la vida, m\u00e1s bien, se me antoja desesperanzada. Al menos en esta apartada orilla de la patria.<\/p>\n\n\n\n<p>El futuro est\u00e1 a la vuelta de la esquina, pongamos por caso que comienza ma\u00f1ana. \u00bfQu\u00e9 ser\u00e1 de nosotros? De momento nos vemos en el f\u00fatbol, que viene el Real Madrid (aunque no sepamos c\u00f3mo). \u00bfY luego? Luego, Buda dir\u00e1 si nos vamos a Nepal o se vienen ellos. Al menos los que vayamos quedando, porque este sol de invierno solo anuncia que no nacen ni\u00f1os, que el invierno demogr\u00e1fico nos va a dejar sin primavera y que la vieja encina no tiene reto\u00f1os&#8230; Ahora que tenemos m\u00e1s perros que ni\u00f1os y m\u00e1s viejos que j\u00f3venes, acabamos de descubrir que no tenemos futuro. Lo tendr\u00e1n otros, pero nosotros, no. Esa es otra. Se nos muere la cultura que hemos mamado. As\u00ed que, si se tercia, no dejen de ir de matanza (si encuentran alguna a mano). \u00bfHabr\u00e1 algo m\u00e1s nuestro que una matanza? Un rito ancestral que se nos muere y que, al morirse, nos mata. Vendr\u00e1n otros ritos, pero no ser\u00e1n nuestros, ni honraremos la memoria de nuestros padres en ellos. O s\u00ed. Ustedes ver\u00e1n. Yo ya voy rindi\u00e9ndome a la opini\u00f3n del siglo; cada vez me cuesta m\u00e1s pensar en libertad. Ma\u00f1ana ser\u00e1 a\u00f1o electoral. Otro desaguisado. M\u00e1s mentiras que verdades. Ustedes deciden. La cochambre moral. El chapapote de la omnipresente demagogia. El paro y las estad\u00edsticas trucadas. La putrefacci\u00f3n del poder judicial. La autodeterminaci\u00f3n de g\u00e9nero. La excarcelaci\u00f3n de delincuentes. La met\u00e1stasis fiscal. El presupuesto de invito yo y pagas t\u00fa. El desmembramiento de la patria. La depauperaci\u00f3n de las clases medias. La merma de las libertades\u2026 \u00a1Qu\u00e9 triste tener que decir que tambi\u00e9n se nos muere la libertad! Al menos ciertas libertades a las que les va entrando la seca, como a las encinas; de una en una, lentamente, implacablemente. Ustedes deciden, que para eso tienen gafas (y voto). Yo me voy a desayunar que ma\u00f1ana ser\u00e1 otro a\u00f1o. Que les sea propicio.<\/p>\n","protected":false},"excerpt":{"rendered":"<p>Aqu\u00ed no hay manera de ser optimista; en cuanto respiras, te atropella el tren&#8230;<\/p>\n","protected":false},"author":2,"featured_media":1245,"comment_status":"open","ping_status":"open","sticky":false,"template":"","format":"standard","meta":{"_genesis_hide_title":false,"_genesis_hide_breadcrumbs":false,"_genesis_hide_singular_image":false,"_genesis_hide_footer_widgets":false,"_genesis_custom_body_class":"","_genesis_custom_post_class":"","_genesis_layout":""},"categories":[4],"tags":[],"_links":{"self":[{"href":"https:\/\/www.valbuena.es\/index.php?rest_route=\/wp\/v2\/posts\/1244"}],"collection":[{"href":"https:\/\/www.valbuena.es\/index.php?rest_route=\/wp\/v2\/posts"}],"about":[{"href":"https:\/\/www.valbuena.es\/index.php?rest_route=\/wp\/v2\/types\/post"}],"author":[{"embeddable":true,"href":"https:\/\/www.valbuena.es\/index.php?rest_route=\/wp\/v2\/users\/2"}],"replies":[{"embeddable":true,"href":"https:\/\/www.valbuena.es\/index.php?rest_route=%2Fwp%2Fv2%2Fcomments&post=1244"}],"version-history":[{"count":2,"href":"https:\/\/www.valbuena.es\/index.php?rest_route=\/wp\/v2\/posts\/1244\/revisions"}],"predecessor-version":[{"id":1247,"href":"https:\/\/www.valbuena.es\/index.php?rest_route=\/wp\/v2\/posts\/1244\/revisions\/1247"}],"wp:featuredmedia":[{"embeddable":true,"href":"https:\/\/www.valbuena.es\/index.php?rest_route=\/wp\/v2\/media\/1245"}],"wp:attachment":[{"href":"https:\/\/www.valbuena.es\/index.php?rest_route=%2Fwp%2Fv2%2Fmedia&parent=1244"}],"wp:term":[{"taxonomy":"category","embeddable":true,"href":"https:\/\/www.valbuena.es\/index.php?rest_route=%2Fwp%2Fv2%2Fcategories&post=1244"},{"taxonomy":"post_tag","embeddable":true,"href":"https:\/\/www.valbuena.es\/index.php?rest_route=%2Fwp%2Fv2%2Ftags&post=1244"}],"curies":[{"name":"wp","href":"https:\/\/api.w.org\/{rel}","templated":true}]}}