{"id":1175,"date":"2022-11-18T19:35:00","date_gmt":"2022-11-18T19:35:00","guid":{"rendered":"http:\/\/www.valbuena.es\/?p=1175"},"modified":"2023-01-06T18:22:27","modified_gmt":"2023-01-06T18:22:27","slug":"la-vida-frivola","status":"publish","type":"post","link":"https:\/\/www.valbuena.es\/?p=1175","title":{"rendered":"LA VIDA FR\u00cdVOLA"},"content":{"rendered":"<div class=\"wp-block-image\">\n<figure class=\"aligncenter size-full\"><img loading=\"lazy\" width=\"386\" height=\"564\" src=\"http:\/\/www.valbuena.es\/wp-content\/uploads\/2022\/11\/30-10-05-Bilbao-Euskalduna-3.jpg\" alt=\"\" class=\"wp-image-1176\" srcset=\"https:\/\/www.valbuena.es\/wp-content\/uploads\/2022\/11\/30-10-05-Bilbao-Euskalduna-3.jpg 386w, https:\/\/www.valbuena.es\/wp-content\/uploads\/2022\/11\/30-10-05-Bilbao-Euskalduna-3-205x300.jpg 205w\" sizes=\"(max-width: 386px) 100vw, 386px\" \/><\/figure><\/div>\n\n\n<p>Jos\u00e9 Antonio era de natural col\u00e9rico. Sea por caso cuando, en el Caf\u00e9 Lion, tumb\u00f3 de un solo golpe al General Queipo de Llano. A\u00fan as\u00ed, despertaba rendidas simpat\u00edas. Entre ellos y, tambi\u00e9n, entre ellas. Quiz\u00e1 por su porte, seguro por su talante\u2026 Carlos Morla, el que fuera embajador de Chile en Espa\u00f1a, all\u00e1 por 1932, se lo espet\u00f3 a la cara: \u201cTe quieren hasta tus enemigos\u201d, y Jos\u00e9 Antonio, cuenta el propio Morla, qued\u00f3 en silencio.<\/p>\n\n\n\n<p>Hechuras de gal\u00e1n, talento y coraz\u00f3n. Todo para triunfar en la vida fr\u00edvola de los salones aristocr\u00e1ticos y los cen\u00e1culos literarios. Digo esto porque acabo de leer \u201cMi querida princesa Bibesco\u201d de Mar\u00eda Jos\u00e9 Sevilla. La Bibesco, esposa del embajador de Ruman\u00eda en Espa\u00f1a, fue amante de Jos\u00e9 Antonio. Algo que en su d\u00eda nos revel\u00f3 Jos\u00e9 Antonio Mart\u00edn Ot\u00edn en aquella obra suya tan magn\u00edfica, titulada \u201cEl hombre que dijo s\u00ed a Kipling\u201d. El simpar Pet\u00f3n nos ense\u00f1\u00f3 que detr\u00e1s del sant\u00f3n de las hagiograf\u00edas hab\u00eda un hombre. En su fabulaci\u00f3n, Mar\u00eda Jos\u00e9 Sevilla, nos lo presenta compartiendo reservados con su princesa en Casa Camorra. Casa Camorra era un restaurante encopetado al final de la Cuesta de las Perdices que durante la guerra fue primero parapeto de las trincheras, luego nido de ametralladores y, finalmente, escombros.<\/p>\n\n\n\n<p>Los pudientes sol\u00edan frecuentar los merenderos de El Pardo. Por all\u00ed tambi\u00e9n el Club de Polo Puerta de Hierro del que Jos\u00e9 Antonio era socio. A la inglesa. Jos\u00e9 Antonio hablaba en ingl\u00e9s con la Bibesco. Y s\u00ed, Jos\u00e9 Antonio vest\u00eda a la inglesa, pero sin sombrero. \u201cLos rojos no usaban sombrero\u201d, Jos\u00e9 Antonio tampoco. O, al menos, dej\u00f3 de usarlo. Vest\u00eda de esmoquin en el homenaje que brind\u00f3 en el Ritz a los Machado estando a\u00fan su padre, Don Miguel, en el poder; de esmoquin vest\u00eda en las cenas que organizaba en el Hotel Par\u00eds de la Puerta del Sol, cenas llamadas pomposamente de Carlomagno: sopa de tortuga y fais\u00e1n. En el lado opuesto de Sol, a la puerta del Bar Flor, vocear\u00eda, ya de paisano, en 1935, el Arriba. Como de paisano disfrutaba de las \u201cachuras viles\u201d de El Mes\u00f3n del Segoviano (desde 1974, Casa Lucio) o en Los Burgaleses (un restaurante en el que, por cierto, se despachaban m\u00e1s percebes que morcillas). Langosta en el <em>grill<\/em> del Savoy, <em>tourned\u00f3<\/em> en Rimbomb\u00edn y changurro en Or-Komp\u00f3n (donde se escribi\u00f3 la letra del Cara al Sol).<\/p>\n\n\n\n<p>Al salir del despacho, a eso de las nueve y media, pasaba por Bakanik a tomar un <em>whisky <\/em>con C\u00e9sar Gonz\u00e1lez Ruano.  Y m\u00e1s tarde, algunas noches, por el reci\u00e9n inaugurado Casablanca de la Plaza del Rey, el <em>dancing<\/em> donde Gabriel Celaya aseguraba haberle presentado a Federico Garc\u00eda Lorca. \u201c\u00bfSabes que todos los viernes ceno con \u00e9l?\u201d A Ramiro Ledesma todo aquello le espantaba, no lo consideraba revolucionario. Cerca de Bakanik, en los bajos del Caf\u00e9 Lion, en La Ballena Alegre, frente a Correos, reun\u00eda su tertulia: Eugenio Montes, V\u00edctor de la Serna, Rafael S\u00e1nchez Mazas, Agust\u00edn de Fox\u00e1\u2026 Todo a lomos alados de un <em>Chevrolet<\/em> Covertible rojo. Escarlata, seg\u00fan Ernesto Gim\u00e9nez Caballero.<\/p>\n\n\n\n<p>Jos\u00e9 Antonio, III Marqu\u00e9s de Estella, estaba de cacer\u00eda en Toledo cuando recibi\u00f3 la noticia de la muerte de otro de sus muchachos. A Mat\u00edas Montero lo mataron de dos tiros en el coraz\u00f3n cuando voceaba el Arriba. Jos\u00e9 Antonio lleg\u00f3 con retraso al entierro; hubo que esperarle. Algunos se lo afearon. Ese d\u00eda Jos\u00e9 Antonio, sobre la tumba de Mat\u00edas Montero, se arrepinti\u00f3. \u00c9l mismo, poco despu\u00e9s, sufri\u00f3 un atentado contra su vida; el Conde de Mayalde, quien luego ser\u00eda alcalde de Madrid, le pregunt\u00f3 por qu\u00e9 no abandonaba la pol\u00edtica; Jos\u00e9 Antonio contest\u00f3 escueto: \u201cLos muertos me sujetan\u201d.<\/p>\n\n\n\n<p>Otro embajador, Claude G. Bowers, embajador de los Estados Unidos, que le conoci\u00f3 en lo que entonces se llamaba, tambi\u00e9n muy a la inglesa, un t\u00e9 danzante, dijo de \u00e9l: \u201cEra de la casta de los mosqueteros de Dumas\u201d. Ma\u00f1ana lo fusilan.<\/p>\n","protected":false},"excerpt":{"rendered":"<p>Del Hotel Par\u00eds a La Ballena Alegre. De Bakanik al Casablanca.<\/p>\n","protected":false},"author":2,"featured_media":1256,"comment_status":"open","ping_status":"open","sticky":false,"template":"","format":"standard","meta":{"_genesis_hide_title":false,"_genesis_hide_breadcrumbs":false,"_genesis_hide_singular_image":false,"_genesis_hide_footer_widgets":false,"_genesis_custom_body_class":"","_genesis_custom_post_class":"","_genesis_layout":""},"categories":[4],"tags":[],"_links":{"self":[{"href":"https:\/\/www.valbuena.es\/index.php?rest_route=\/wp\/v2\/posts\/1175"}],"collection":[{"href":"https:\/\/www.valbuena.es\/index.php?rest_route=\/wp\/v2\/posts"}],"about":[{"href":"https:\/\/www.valbuena.es\/index.php?rest_route=\/wp\/v2\/types\/post"}],"author":[{"embeddable":true,"href":"https:\/\/www.valbuena.es\/index.php?rest_route=\/wp\/v2\/users\/2"}],"replies":[{"embeddable":true,"href":"https:\/\/www.valbuena.es\/index.php?rest_route=%2Fwp%2Fv2%2Fcomments&post=1175"}],"version-history":[{"count":6,"href":"https:\/\/www.valbuena.es\/index.php?rest_route=\/wp\/v2\/posts\/1175\/revisions"}],"predecessor-version":[{"id":1185,"href":"https:\/\/www.valbuena.es\/index.php?rest_route=\/wp\/v2\/posts\/1175\/revisions\/1185"}],"wp:featuredmedia":[{"embeddable":true,"href":"https:\/\/www.valbuena.es\/index.php?rest_route=\/wp\/v2\/media\/1256"}],"wp:attachment":[{"href":"https:\/\/www.valbuena.es\/index.php?rest_route=%2Fwp%2Fv2%2Fmedia&parent=1175"}],"wp:term":[{"taxonomy":"category","embeddable":true,"href":"https:\/\/www.valbuena.es\/index.php?rest_route=%2Fwp%2Fv2%2Fcategories&post=1175"},{"taxonomy":"post_tag","embeddable":true,"href":"https:\/\/www.valbuena.es\/index.php?rest_route=%2Fwp%2Fv2%2Ftags&post=1175"}],"curies":[{"name":"wp","href":"https:\/\/api.w.org\/{rel}","templated":true}]}}