{"id":1169,"date":"2022-11-12T06:38:41","date_gmt":"2022-11-12T06:38:41","guid":{"rendered":"http:\/\/www.valbuena.es\/?p=1169"},"modified":"2022-11-12T06:38:43","modified_gmt":"2022-11-12T06:38:43","slug":"tradicion-golpista","status":"publish","type":"post","link":"https:\/\/www.valbuena.es\/?p=1169","title":{"rendered":"TRADICI\u00d3N GOLPISTA"},"content":{"rendered":"\n<figure class=\"wp-block-image size-large\"><img loading=\"lazy\" width=\"1024\" height=\"683\" src=\"http:\/\/www.valbuena.es\/wp-content\/uploads\/2022\/11\/Pedro-Sanchez-1024x683.jpeg\" alt=\"La ley, cauce para las libertades, barrera frente a la tiran\u00eda.\" class=\"wp-image-1170\" srcset=\"https:\/\/www.valbuena.es\/wp-content\/uploads\/2022\/11\/Pedro-Sanchez-1024x683.jpeg 1024w, https:\/\/www.valbuena.es\/wp-content\/uploads\/2022\/11\/Pedro-Sanchez-300x200.jpeg 300w, https:\/\/www.valbuena.es\/wp-content\/uploads\/2022\/11\/Pedro-Sanchez-768x512.jpeg 768w, https:\/\/www.valbuena.es\/wp-content\/uploads\/2022\/11\/Pedro-Sanchez-1536x1025.jpeg 1536w, https:\/\/www.valbuena.es\/wp-content\/uploads\/2022\/11\/Pedro-Sanchez.jpeg 1619w\" sizes=\"(max-width: 1024px) 100vw, 1024px\" \/><\/figure>\n\n\n\n<p><\/p>\n\n\n\n<p>Aqu\u00ed, cada uno lleva la tradici\u00f3n golpista seg\u00fan le va. Como si de la feria se tratara. Al fin y al cabo, Clausewitz, tantas veces citado, acertaba cuando dec\u00eda aquello de \u201cla guerra es la continuaci\u00f3n de la pol\u00edtica por otros medios\u201d. La guerra y el golpe. La guerra como estaci\u00f3n t\u00e9rmino de los enfrentamientos pol\u00edticos y el golpe de estado como antesala de la guerra. Para dar un golpe siempre hay razones. A diestro y siniestro. Todo depende. Depende de qu\u00e9 circunstancias concurran. De su gravedad. Y esa gravedad queda al criterio de cada cual. Exactamente igual que cuando opinamos sobre la feria.<\/p>\n\n\n\n<p>Frente a esa tendencia a imponer nuestra voluntad por la fuerza se alza, debe alzarse, el imperio de la ley. La ley como cauce de las libertades y barrera frente a la tiran\u00eda. As\u00ed, la libertad busca amparo en el castigo que merecen quienes violan las leyes. Todos. Lo otro no es la ley, lo otro es la barbarie. En nuestro caso, curiosamente, el gobierno alienta la barbarie.<\/p>\n\n\n\n<p>Pedro S\u00e1nchez ha puesto Espa\u00f1a a los pies del golpismo. De momento, el separatista. Ese que dice sin rebozo en sede judicial: <em>\u201cHo tornaran a fer\u201d<\/em>; que, traducido al rom\u00e1n paladino, significa: volveremos a dar un golpe de estado, volveremos a conculcar las leyes y volveremos a usar la violencia si se tercia. Es curioso, se les llena la boca hablando de golpistas, pero solo seg\u00fan cu\u00e1les. \u00bfGolpistas? \u00bfA qui\u00e9n se refieren? \u00bfA Francisco? \u00bfA qu\u00e9 Francisco? \u00bfA Francisco Franco Bahamonde o a Francisco Largo Caballero? \u00bfAl 34 o al 36? Franco era m\u00e1s bien callado, pero Largo repet\u00eda a quien quisiera o\u00edrle que de ganar las derechas las elecciones de febrero de 1936 el PSOE ir\u00eda, otra vez, una vez m\u00e1s, al asalto violento del poder. Pero, como fueron ellos los que ganaron, se conformaron con amnistiarse a s\u00ed mismos. Tal y como S\u00e1nchez indult\u00f3 a los golpistas del 17. Por el morro. El PSOE, s\u00ed. El PSOE tiene su propia tradici\u00f3n golpista, no nos despistemos.<\/p>\n\n\n\n<p>No hay verdad que no atropelle, ni principio moral que no quebrante el PSOE descarriado del muy descarriado Pedro S\u00e1nchez. Lo ocurrido en Catalu\u00f1a no fueron meros des\u00f3rdenes p\u00fablicos. Lo ocurrido en Catalu\u00f1a constituy\u00f3 un delito de rebeli\u00f3n, que es el que cometen quienes se alzan violenta y p\u00fablicamente para declarar la independencia de una parte del territorio nacional. Exactamente lo que entonces opinaba Pedro S\u00e1nchez, un tipo cuyos principios morales delicuescentes le han permitido ir mutando de opini\u00f3n, a conveniencia, hasta considerar lo ocurrido poco m\u00e1s que un alboroto. Todo por el poder. Y es que, en ocasiones, la pol\u00edtica pudre a los hombres. A los que se dejan pudrir, claro est\u00e1.<\/p>\n\n\n\n<p>La decisi\u00f3n de eliminar el delito de sedici\u00f3n y as\u00ed desamparar a la naci\u00f3n frente a los golpistas solo puede provocar desaz\u00f3n en los ciudadanos decentes. Hacerlo sorteando la consulta al Consejo de Estado, a\u00fan m\u00e1s. Ahora ya sabemos que lo har\u00e1n de nuevo y que, en el peor de los casos, fracasar les saldr\u00e1 de balde. Pedro S\u00e1nchez se ha puesto descaradamente del lado de los golpistas. M\u00e1s a\u00fan, se ha puesto de rodillas ante los golpistas. Los del 17 y hasta los del 34. No s\u00e9 si semejante comportamiento tiene sanci\u00f3n en las llamadas leyes de memoria hist\u00f3rica, pero, en su caso, para llamarle enemigo conspicuo de la libertad, no hacen falta leyes, basta abrir los ojos, basta reconocer que modifica la ley sin otro argumento que amparar a los golpistas (pasados y futuros).<\/p>\n\n\n\n<p>Y lo m\u00e1s descorazonador: el silencio de tantos socialistas que, aferrados a la mamandurria, reniegan de los principios que dicen defender. Porque el problema de Espa\u00f1a se llama Pedro S\u00e1nchez, pero tambi\u00e9n los que le llevan el botijo.<\/p>\n","protected":false},"excerpt":{"rendered":"<p>La ley, cauce para la libertad, barrera frente a la tiran\u00eda.<\/p>\n","protected":false},"author":2,"featured_media":1170,"comment_status":"open","ping_status":"open","sticky":false,"template":"","format":"standard","meta":{"_genesis_hide_title":false,"_genesis_hide_breadcrumbs":false,"_genesis_hide_singular_image":false,"_genesis_hide_footer_widgets":false,"_genesis_custom_body_class":"","_genesis_custom_post_class":"","_genesis_layout":""},"categories":[4],"tags":[],"_links":{"self":[{"href":"https:\/\/www.valbuena.es\/index.php?rest_route=\/wp\/v2\/posts\/1169"}],"collection":[{"href":"https:\/\/www.valbuena.es\/index.php?rest_route=\/wp\/v2\/posts"}],"about":[{"href":"https:\/\/www.valbuena.es\/index.php?rest_route=\/wp\/v2\/types\/post"}],"author":[{"embeddable":true,"href":"https:\/\/www.valbuena.es\/index.php?rest_route=\/wp\/v2\/users\/2"}],"replies":[{"embeddable":true,"href":"https:\/\/www.valbuena.es\/index.php?rest_route=%2Fwp%2Fv2%2Fcomments&post=1169"}],"version-history":[{"count":1,"href":"https:\/\/www.valbuena.es\/index.php?rest_route=\/wp\/v2\/posts\/1169\/revisions"}],"predecessor-version":[{"id":1171,"href":"https:\/\/www.valbuena.es\/index.php?rest_route=\/wp\/v2\/posts\/1169\/revisions\/1171"}],"wp:featuredmedia":[{"embeddable":true,"href":"https:\/\/www.valbuena.es\/index.php?rest_route=\/wp\/v2\/media\/1170"}],"wp:attachment":[{"href":"https:\/\/www.valbuena.es\/index.php?rest_route=%2Fwp%2Fv2%2Fmedia&parent=1169"}],"wp:term":[{"taxonomy":"category","embeddable":true,"href":"https:\/\/www.valbuena.es\/index.php?rest_route=%2Fwp%2Fv2%2Fcategories&post=1169"},{"taxonomy":"post_tag","embeddable":true,"href":"https:\/\/www.valbuena.es\/index.php?rest_route=%2Fwp%2Fv2%2Ftags&post=1169"}],"curies":[{"name":"wp","href":"https:\/\/api.w.org\/{rel}","templated":true}]}}