{"id":1156,"date":"2022-10-28T15:33:20","date_gmt":"2022-10-28T15:33:20","guid":{"rendered":"http:\/\/www.valbuena.es\/?p=1156"},"modified":"2022-11-13T20:05:10","modified_gmt":"2022-11-13T20:05:10","slug":"banderas-y-banderillas","status":"publish","type":"post","link":"https:\/\/www.valbuena.es\/?p=1156","title":{"rendered":"BANDERAS (Y BANDERIZOS)"},"content":{"rendered":"\n<figure class=\"wp-block-image size-full\"><img loading=\"lazy\" width=\"960\" height=\"481\" src=\"http:\/\/www.valbuena.es\/wp-content\/uploads\/2022\/10\/Ramon-de-Arcos.jpg\" alt=\"\" class=\"wp-image-1157\" srcset=\"https:\/\/www.valbuena.es\/wp-content\/uploads\/2022\/10\/Ramon-de-Arcos.jpg 960w, https:\/\/www.valbuena.es\/wp-content\/uploads\/2022\/10\/Ramon-de-Arcos-300x150.jpg 300w, https:\/\/www.valbuena.es\/wp-content\/uploads\/2022\/10\/Ramon-de-Arcos-768x385.jpg 768w\" sizes=\"(max-width: 960px) 100vw, 960px\" \/><\/figure>\n\n\n\n<p><\/p>\n\n\n\n<p>Y el viento derrib\u00f3 el m\u00e1stil. Lo vi como si estuviera all\u00ed. Cuando ocurri\u00f3, alguien ten\u00eda un m\u00f3vil con c\u00e1mara a mano (hecho sorprendente, sin lugar a dudas). Y con el m\u00e1stil, cay\u00f3 la bandera. Una bandera de bandera. Llov\u00eda a chorromorro, que se dec\u00eda cuando yo era ni\u00f1o all\u00ed donde yo era ni\u00f1o. No s\u00e9 por aqu\u00ed. Supongo que llover llover\u00eda (aunque a nosotros solo nos llegaban tristes im\u00e1genes de sequ\u00edas perpetuas). Supongo que s\u00ed. Aunque antes todo era distinto. Para empezar, no hab\u00eda tanto cameraman. \u00bfSe dice cameraman? \u00bfCu\u00e1l es el plural de cameraman? \u00bfCameramen? Ser\u00eda conveniente nombrar una comisi\u00f3n para que lo resuelva (o no). Ya lo dec\u00eda Napole\u00f3n. \u00a1Mira que era listo Napole\u00f3n! Mejor camar\u00f3grafo. S\u00ed, mejor. Al fin y al cabo, la RAE tambi\u00e9n es una comisi\u00f3n (campanuda, pero comisi\u00f3n).<\/p>\n\n\n\n<p>Y s\u00ed, antes todo era distinto. Antes hab\u00eda tendencia a morir y a matar por la bandera (al menos cuando solo hab\u00eda una). He le\u00eddo que, seg\u00fan una reciente encuesta, los espa\u00f1oles ya no estamos dispuestos a morir por la patria. Si Napole\u00f3n dijo aquello de \u201csi quieres que algo se demore eternamente, nombra una comisi\u00f3n\u201d, Horacio escribi\u00f3 \u201c<em>dulce et decorum est pro patria mori<\/em>\u201d. Y me lo cre\u00ed. Y lo sigo creyendo. De la mili escap\u00e9 por cegato. Digo escap\u00e9 porque tampoco ocult\u00e9 la tara. Me escap\u00e9, y llevo a\u00f1os durmiendo con los remordimientos; antes de acostarme me tomo una onza de chocolate y, en eso, cierro los ojos de placer (y de remordimiento). Antes todo era distinto. As\u00ed que aqu\u00ed sigo, por si mis despojos, a\u00fan con vida, pudieran ser entregados en el altar de la patria. Ya saben, unos ponen la patria en la ropa tendida, otros, cada vez menos, la ponemos en la bandera.<\/p>\n\n\n\n<p>El caso es que, ca\u00edda la bandera, y lloviendo a chorromorro, vino uno y se la llev\u00f3. Y lo filmaron; porque ya saben que en cada uno de nosotros habita un camar\u00f3grafo. Camar\u00f3grafo\u2026 \u00a1qu\u00e9 lindo palabro! Supongo que de ser chatarrero se hubiera llevado el poste, que vale m\u00e1s (m\u00e1s cuartos, quiero decir). De ser chatarrero y de no ser dado a cumplir las leyes de Dios (ni las de los hombres). Pero se llev\u00f3 la bandera, as\u00ed que, llov\u00eda dentro de m\u00ed cuando se me nubl\u00f3 el alma\u2026 porque en los pliegues de una bandera est\u00e1 la vida que compartimos\u2026 Al menos eso cre\u00eda yo (y sigo creyendo, no crean que me he bajado del burro).<\/p>\n\n\n\n<p>Badajoz, por ejemplo. Vive Dios que cada vez admiro m\u00e1s a Miguel Celdr\u00e1n. Dej\u00f3 el asunto de la bandera en v\u00eda muerta\u2026 con raz\u00f3n. Y Fragoso tom\u00f3 nota. \u00bfAcaso vamos a discutir por el color de una tela que a\u00fan no es bandera? Las banderas se levantan sobre emociones compartidas. Alg\u00fan d\u00eda, en alguna barricada de la Historia, alguien levantar\u00e1 una tela, y, empapada en el tr\u00e9molo del sentimiento, ser\u00e1 bandera. Mientras tanto, comisi\u00f3n va, comisi\u00f3n viene. Y solo tela, tela nada m\u00e1s. Si me piden opini\u00f3n les dir\u00e9 que\u2026 \u00bfNo? \u00bfNo les interesa mi opini\u00f3n sobre c\u00f3mo debiera ser la bandera de esta ciudad asomada a s\u00ed misma desde la alcazaba, desmochada de cruz, que palpita en el coraz\u00f3n de su gente? \u00bfNo quieren saber si la prefiero carmes\u00ed o blanca? \u00bfNo? \u00a1Hacen bien! Ya lo dec\u00eda el abuelo de mi amigo Felipe Albarr\u00e1n, Don Felipe Vargas-Z\u00fa\u00f1iga, que no ten\u00eda las letras de Horacio, si siquiera las armas de Napole\u00f3n, pero tampoco era zote: \u201cDe quien expone su culo al concejo, unos dicen que es blanco y otros negro\u201d. \u00a1Soberbios endecas\u00edlabos! Pues eso. Blanco o negro. Blanco y negro. En fin\u2026 alg\u00fan d\u00eda, en alguna barricada de la Historia, ya no ser\u00e1 tela, que ser\u00e1 bandera. Aunque para entonces nosotros hayamos muerto\u2026<\/p>\n","protected":false},"excerpt":{"rendered":"<p>\u201cDulce et decorum est pro patria mori\u201d (Horacio)<\/p>\n","protected":false},"author":2,"featured_media":1157,"comment_status":"open","ping_status":"open","sticky":false,"template":"","format":"standard","meta":{"_genesis_hide_title":false,"_genesis_hide_breadcrumbs":false,"_genesis_hide_singular_image":false,"_genesis_hide_footer_widgets":false,"_genesis_custom_body_class":"","_genesis_custom_post_class":"","_genesis_layout":""},"categories":[4],"tags":[],"_links":{"self":[{"href":"https:\/\/www.valbuena.es\/index.php?rest_route=\/wp\/v2\/posts\/1156"}],"collection":[{"href":"https:\/\/www.valbuena.es\/index.php?rest_route=\/wp\/v2\/posts"}],"about":[{"href":"https:\/\/www.valbuena.es\/index.php?rest_route=\/wp\/v2\/types\/post"}],"author":[{"embeddable":true,"href":"https:\/\/www.valbuena.es\/index.php?rest_route=\/wp\/v2\/users\/2"}],"replies":[{"embeddable":true,"href":"https:\/\/www.valbuena.es\/index.php?rest_route=%2Fwp%2Fv2%2Fcomments&post=1156"}],"version-history":[{"count":4,"href":"https:\/\/www.valbuena.es\/index.php?rest_route=\/wp\/v2\/posts\/1156\/revisions"}],"predecessor-version":[{"id":1161,"href":"https:\/\/www.valbuena.es\/index.php?rest_route=\/wp\/v2\/posts\/1156\/revisions\/1161"}],"wp:featuredmedia":[{"embeddable":true,"href":"https:\/\/www.valbuena.es\/index.php?rest_route=\/wp\/v2\/media\/1157"}],"wp:attachment":[{"href":"https:\/\/www.valbuena.es\/index.php?rest_route=%2Fwp%2Fv2%2Fmedia&parent=1156"}],"wp:term":[{"taxonomy":"category","embeddable":true,"href":"https:\/\/www.valbuena.es\/index.php?rest_route=%2Fwp%2Fv2%2Fcategories&post=1156"},{"taxonomy":"post_tag","embeddable":true,"href":"https:\/\/www.valbuena.es\/index.php?rest_route=%2Fwp%2Fv2%2Ftags&post=1156"}],"curies":[{"name":"wp","href":"https:\/\/api.w.org\/{rel}","templated":true}]}}