{"id":1120,"date":"2022-10-15T07:17:53","date_gmt":"2022-10-15T07:17:53","guid":{"rendered":"http:\/\/www.valbuena.es\/?p=1120"},"modified":"2022-10-15T07:46:32","modified_gmt":"2022-10-15T07:46:32","slug":"creo-en-ti-espana","status":"publish","type":"post","link":"https:\/\/www.valbuena.es\/?p=1120","title":{"rendered":"CREO EN TI, ESPA\u00d1A"},"content":{"rendered":"\n<p><\/p>\n\n\n\n<figure class=\"wp-block-image size-full\"><img loading=\"lazy\" width=\"722\" height=\"1023\" src=\"http:\/\/www.valbuena.es\/wp-content\/uploads\/2022\/10\/Altamira.jpg\" alt=\"Brisa y galerna. Cierzo y solano. Espa\u00f1a, rosario del viento\u2026 \u00a1en ti creo!\" class=\"wp-image-1121\" srcset=\"https:\/\/www.valbuena.es\/wp-content\/uploads\/2022\/10\/Altamira.jpg 722w, https:\/\/www.valbuena.es\/wp-content\/uploads\/2022\/10\/Altamira-212x300.jpg 212w\" sizes=\"(max-width: 722px) 100vw, 722px\" \/><\/figure>\n\n\n\n<p><\/p>\n\n\n\n<p>Creo en ti, Espa\u00f1a, madre de mis d\u00edas y de mis noches. Creo en tu \u00fanico sol, nuestro se\u00f1or, que ha de calentar mis huesos en esta vida y en la otra. Creo en la vigilia de tus cielos infinitos, en tus mares de anchas profec\u00edas y en el vientre ub\u00e9rrimo de tus tierras. Creo en las vides y en los trigales, creo en el vino que nos das a beber y en el pan que nos das a comer. Y creo en las cruces que guardan tus caminos&#8230; En ti creo y ante ti me arrodillo.<\/p>\n\n\n\n<p>Creo en tus hombres, as\u00ed como creo en tus mujeres. Espa\u00f1oles de la rabia y de la idea. Creo en tus muertos, concebidos por obra y gracia de s\u00ed mismos. Espa\u00f1oles de todas mis agon\u00edas, enfrentados, abiertos en canal, despedazados\u2026 Espa\u00f1oles a diestro y siniestro. Espa\u00f1oles a dentelladas. Espa\u00f1oles sin tregua. Espa\u00f1oles a tumba abierta. Espa\u00f1oles, a todos os tengo por hermanos.<\/p>\n\n\n\n<p>Creo en Vizcaya. En las olas y en los robles. En Asturias alzada en armas. En el ta\u00f1ido de tus campanas, Compostela. En Salamanca, clareada en piedra y letras. En el le\u00f3n y en la granada. En la luna sobre el Roque Nublo. En Cartagena, varada sobre el mar latino. En las frondas de Irati. En las aguas rojas de Riotinto. En la eternidad dormida en las cavernas de Altamira. En el eco ronco de las mareas sobre tus playas, de Guincho a Pe\u00f1\u00edscola, de Laredo a Chiclana. En los jazmines que aroman los patios cordobeses. En las cuatro barras de la sangre catalana. En Castilla, tan callada, tan sola&#8230; Y en Barcarrota, donde mis cenizas ser\u00e1n albero. Creo en los mil apeaderos de tu nombre, Espa\u00f1a. Creo en ti, rompeolas cierto de todas y cada una de mis patrias. Creo en ti y en el toro que -en la niebla- te ronda. Y creo en la Cruz que, alzada sobre las entra\u00f1as de Cuelgamuros, hiende tus cielos. Y creo en tus banderas, sudarios de mis carnes yertas.<\/p>\n\n\n\n<p>Creo en ti Espa\u00f1a, madre y maestra. Partera de mundos nuevos. Mundos azules como azules son tus mares. Y allende los mares, creo en todas las Espa\u00f1as de Am\u00e9rica. Creo en Espa\u00f1a m\u00e1s all\u00e1 de s\u00ed misma, m\u00e1s all\u00e1 de toda raz\u00f3n. Espa\u00f1a, proa a barlovento. Espa\u00f1a, civilizada y civilizadora. Brisa y galerna. Cierzo y solano. Espa\u00f1a, rosario del viento\u2026 \u00a1en ti creo!<\/p>\n\n\n\n<p>Creo en la Virgen del Pilar, capitana de tus ej\u00e9rcitos. Y creo en Santiago, el Hijo del Trueno, tu primog\u00e9nito. Creo en Ram\u00f3n, en Miguel, en Rub\u00e9n, en Federico, en Rosal\u00eda\u2026 Y creo en Jos\u00e9 Antonio\u2026 \u00a1Derramados que no muertos! Aventados en la sementera de tu pecho abierto, enraizados ya sus versos en tus campos secos, tristes y destartalados; versos que son encina en las dehesas, olmo en las riberas y, en Silos, son cipr\u00e9s\u2026 Creo en el genio de la raza. Creo en tus hijos desterrados. Creo en la gente que trabaja y calla, la que te sostiene mientras entona la letan\u00eda del sufrimiento nuestro de cada d\u00eda. En el yunque y en el martillo. En la jarcia y en el arado.<\/p>\n\n\n\n<p>Creo en ti, Espa\u00f1a, que padeciste tormento a manos de tus propios hijos, y por nuestras culpas cuelgas crucificada de un madero. Creo en ti. En tus heridas abiertas. En tu sangre derramada. Creo en ti, porque llegada la hora de las tinieblas a\u00fan alientas. Creo en ti porque tu imperio, madre, no tendr\u00e1 fin. Creo en ti m\u00e1s all\u00e1 del d\u00eda en que los mares despierten secos, m\u00e1s all\u00e1 de la noche infinita que seguir\u00e1 al \u00faltimo d\u00eda.<\/p>\n\n\n\n<p>Creo en la comuni\u00f3n de los andantes caballeros, en el perd\u00f3n de los pecados, en la resurrecci\u00f3n que nos tienes prometida y en la vida eterna que anuncian tus poetas. Am\u00e9n.<\/p>\n","protected":false},"excerpt":{"rendered":"<p>Brisa y galerna. Cierzo y solano. Espa\u00f1a, rosario del viento\u2026 \u00a1en ti creo!<\/p>\n","protected":false},"author":2,"featured_media":1124,"comment_status":"open","ping_status":"open","sticky":false,"template":"","format":"standard","meta":{"_genesis_hide_title":false,"_genesis_hide_breadcrumbs":false,"_genesis_hide_singular_image":false,"_genesis_hide_footer_widgets":false,"_genesis_custom_body_class":"","_genesis_custom_post_class":"","_genesis_layout":""},"categories":[4],"tags":[],"_links":{"self":[{"href":"https:\/\/www.valbuena.es\/index.php?rest_route=\/wp\/v2\/posts\/1120"}],"collection":[{"href":"https:\/\/www.valbuena.es\/index.php?rest_route=\/wp\/v2\/posts"}],"about":[{"href":"https:\/\/www.valbuena.es\/index.php?rest_route=\/wp\/v2\/types\/post"}],"author":[{"embeddable":true,"href":"https:\/\/www.valbuena.es\/index.php?rest_route=\/wp\/v2\/users\/2"}],"replies":[{"embeddable":true,"href":"https:\/\/www.valbuena.es\/index.php?rest_route=%2Fwp%2Fv2%2Fcomments&post=1120"}],"version-history":[{"count":6,"href":"https:\/\/www.valbuena.es\/index.php?rest_route=\/wp\/v2\/posts\/1120\/revisions"}],"predecessor-version":[{"id":1134,"href":"https:\/\/www.valbuena.es\/index.php?rest_route=\/wp\/v2\/posts\/1120\/revisions\/1134"}],"wp:featuredmedia":[{"embeddable":true,"href":"https:\/\/www.valbuena.es\/index.php?rest_route=\/wp\/v2\/media\/1124"}],"wp:attachment":[{"href":"https:\/\/www.valbuena.es\/index.php?rest_route=%2Fwp%2Fv2%2Fmedia&parent=1120"}],"wp:term":[{"taxonomy":"category","embeddable":true,"href":"https:\/\/www.valbuena.es\/index.php?rest_route=%2Fwp%2Fv2%2Fcategories&post=1120"},{"taxonomy":"post_tag","embeddable":true,"href":"https:\/\/www.valbuena.es\/index.php?rest_route=%2Fwp%2Fv2%2Ftags&post=1120"}],"curies":[{"name":"wp","href":"https:\/\/api.w.org\/{rel}","templated":true}]}}