{"id":1108,"date":"2022-10-08T07:29:28","date_gmt":"2022-10-08T07:29:28","guid":{"rendered":"http:\/\/www.valbuena.es\/?p=1108"},"modified":"2022-10-10T18:17:57","modified_gmt":"2022-10-10T18:17:57","slug":"a-mis-veinte-anos","status":"publish","type":"post","link":"https:\/\/www.valbuena.es\/?p=1108","title":{"rendered":"INDIOS"},"content":{"rendered":"\n<figure class=\"wp-block-image size-large is-style-default\"><img src=\"http:\/\/www.valbuena.es\/wp-content\/uploads\/2022\/10\/Colegio-1024x576.jpg\" alt=\"\" class=\"wp-image-1109\"\/><\/figure>\n\n\n\n<p><\/p>\n\n\n\n<p>Hubo un tiempo en que yo tambi\u00e9n ocup\u00e9 plaza en un colegio mayor. Recuerdo aquellos a\u00f1os, cuando a\u00fan no hab\u00eda cumplido los veinte, como los mejores. O casi. Es posible, sin embargo, tras olvidar a conveniencia, que no acierte a calibrar la bondad de los recuerdos\u2026<\/p>\n\n\n\n<p>Era yo un se\u00f1orito (aunque de eso me enterara m\u00e1s tarde). Los m\u00e1s \u00e9ramos se\u00f1oritos y todos casi ni\u00f1os. As\u00ed que nos entreg\u00e1bamos al juego. Eso inclu\u00eda mear las paredes del otro colegio mayor. Siempre a media noche, por aquello de pillar al enemigo en pijama. Les llam\u00e1bamos luisas (y probablemente cosas peores que ahora no alcanzo a recordar). Luisas porque aquel colegio mayor llevaba el nombre de Fray Luis de Le\u00f3n. Ellos nos llamaban indios. Por aquel entonces no descubr\u00ed racismo alguno en que las luisas nos llamaran indios. Aunque mi colegio mayor llevaba el nombre de Hern\u00e1n Cort\u00e9s, y aunque entre los colegiales hab\u00eda un pu\u00f1ado de sudamericanos, la mayor\u00eda \u00e9ramos espa\u00f1oles (cuando decir espa\u00f1ol era decirlo de cuantas generaciones uno tuviera noticia). Pero a\u00fan hoy tengo algo de indio. O, al menos, as\u00ed entre nosotros, me gustar\u00eda seguir teniendo algo de indio. Y me acuerdo ahora de mi amigo Pedro, un mexicano de Monterrey, espigado y flaco, que llevada en el rostro los perfiles aguile\u00f1os de Cuauht\u00e9moc (o eso se me antojaba a m\u00ed). A lo de llamarles luisas hoy, alguno, le sacar\u00eda punta de g\u00e9nero; entonces, a la luz de nuestros pocos a\u00f1os, aquello no era sino un grito de guerra en un juego de ni\u00f1os. A la luz de nuestros pocos a\u00f1os y tambi\u00e9n a la luz de aquellos a\u00f1os (que, probablemente, era una luz distinta a la que hoy nos alumbra).<\/p>\n\n\n\n<p>Sal\u00edamos a medianoche, despu\u00e9s de cenar, con el coraz\u00f3n alegre y las vejigas llenas. Cruz\u00e1bamos lo que entonces era el barrio chino de Salamanca -tiene guasa que lo \u00fanico que separara aquellos dos lustrosos colegios mayores fuera un barrio chino destartalado y triste- y, a una voz de mando, veinte o treinta zangolotinos me\u00e1bamos a destajo las paredes de tan venerable instituci\u00f3n entre aullidos. Y sal\u00edamos corriendo antes de que las luisas nos echaran agua desde las ventanas y antes tambi\u00e9n, por supuesto, de que salieran en n\u00famero superior al nuestro y nos afearan a las bravas la ofensa.<\/p>\n\n\n\n<p>Ya a salvo, solo quedada esperar a que, antes o despu\u00e9s, nos devolvieran la visita. Los primeros d\u00edas vigil\u00e1bamos con cierta ansiedad, pero poco a poco iban decayendo los \u00e1nimos \u2013recuerden que no es la constancia virtud propia de la juventud- as\u00ed que, cuando aparec\u00edan las luisas, los indios, si no dorm\u00edamos, and\u00e1bamos a otros juegos; para cuando sal\u00edamos tras ellos, sus sombras se perd\u00edan entre las casas de mala nota.<\/p>\n\n\n\n<p>Y s\u00ed, \u00e9ramos felices con estos y otros juegos. Y la amistad parec\u00eda no tener doblez y el tiempo no nos asustaba a\u00fan. No pens\u00e1bamos mucho m\u00e1s all\u00e1. Ahora que acabo de terminar \u201cLa mano invisible\u201d de Isaac Rosa, pienso \u00bfqu\u00e9 ser\u00eda de aquellas paredes? Supongo que su limpieza quedar\u00eda al albur de las nubes. O quiz\u00e1 no. Quiz\u00e1 alguien tuvo que limpiar lo que nosotros, los se\u00f1oritos de entonces, ensuci\u00e1bamos\u2026<\/p>\n\n\n\n<p>No voy a ser yo el que abomine de aquello que nos enorgullec\u00eda. L\u00e9ase por ejemplo \u201cLa Casa de la Troya\u201d de Alejandro P\u00e9rez Lug\u00edn. Aquellas y otras como aquellas eran trapacer\u00edas propias de nuestros pocos a\u00f1os. Sin embargo, no recuerdo que, en las visitas nocturnas que rend\u00edamos a las residencias femeninas, nunca nadie se atreviera utilizar palabras gruesas como putas o ninf\u00f3manas. Ten\u00edamos todos, o casi todos, un respeto reverencial por ellas, por nuestras compa\u00f1eras. Claro que esto que les he contado sucedi\u00f3 antes de que yo cumpliera veinte a\u00f1os, cuando la educaci\u00f3n, tambi\u00e9n la sexual, era otra muy distinta.<\/p>\n","protected":false},"excerpt":{"rendered":"<p>Siempre a medianoche, por aquello de pillarles en pijama\u2026<\/p>\n","protected":false},"author":2,"featured_media":1115,"comment_status":"open","ping_status":"open","sticky":false,"template":"","format":"standard","meta":{"_genesis_hide_title":false,"_genesis_hide_breadcrumbs":false,"_genesis_hide_singular_image":false,"_genesis_hide_footer_widgets":false,"_genesis_custom_body_class":"","_genesis_custom_post_class":"","_genesis_layout":""},"categories":[4],"tags":[],"_links":{"self":[{"href":"https:\/\/www.valbuena.es\/index.php?rest_route=\/wp\/v2\/posts\/1108"}],"collection":[{"href":"https:\/\/www.valbuena.es\/index.php?rest_route=\/wp\/v2\/posts"}],"about":[{"href":"https:\/\/www.valbuena.es\/index.php?rest_route=\/wp\/v2\/types\/post"}],"author":[{"embeddable":true,"href":"https:\/\/www.valbuena.es\/index.php?rest_route=\/wp\/v2\/users\/2"}],"replies":[{"embeddable":true,"href":"https:\/\/www.valbuena.es\/index.php?rest_route=%2Fwp%2Fv2%2Fcomments&post=1108"}],"version-history":[{"count":5,"href":"https:\/\/www.valbuena.es\/index.php?rest_route=\/wp\/v2\/posts\/1108\/revisions"}],"predecessor-version":[{"id":1119,"href":"https:\/\/www.valbuena.es\/index.php?rest_route=\/wp\/v2\/posts\/1108\/revisions\/1119"}],"wp:featuredmedia":[{"embeddable":true,"href":"https:\/\/www.valbuena.es\/index.php?rest_route=\/wp\/v2\/media\/1115"}],"wp:attachment":[{"href":"https:\/\/www.valbuena.es\/index.php?rest_route=%2Fwp%2Fv2%2Fmedia&parent=1108"}],"wp:term":[{"taxonomy":"category","embeddable":true,"href":"https:\/\/www.valbuena.es\/index.php?rest_route=%2Fwp%2Fv2%2Fcategories&post=1108"},{"taxonomy":"post_tag","embeddable":true,"href":"https:\/\/www.valbuena.es\/index.php?rest_route=%2Fwp%2Fv2%2Ftags&post=1108"}],"curies":[{"name":"wp","href":"https:\/\/api.w.org\/{rel}","templated":true}]}}